{"id":36923,"date":"2025-06-22T10:15:46","date_gmt":"2025-06-22T07:15:46","guid":{"rendered":"https:\/\/www.egemtv.com\/?p=36923"},"modified":"2025-06-22T10:15:49","modified_gmt":"2025-06-22T07:15:49","slug":"motosiklet-ile-otomobil-carpisti-1-yarali-2","status":"publish","type":"post","link":"https:\/\/www.egemtv.com\/?p=36923","title":{"rendered":"Motosiklet ile otomobil \u00e7arp\u0131\u015ft\u0131: 1 yaral\u0131"},"content":{"rendered":"<p>K\u00fctahya\u2019n\u0131n Tav\u015fanl\u0131 il\u00e7esinde otomobil ile motosikletin \u00e7arp\u0131\u015fmas\u0131 sonucu meydana gelen trafik kazas\u0131nda 1 ki\u015fi yaraland\u0131.<br \/>\n<br \/>Kaza, Tav\u015fanl\u0131 Harmanc\u0131k  yolu Tav\u015fanl\u0131 istikametinde meydana geldi. Al\u0131nan bilgiye g\u00f6re, Harmanc\u0131k istikametinden Tav\u015fanl\u0131 y\u00f6n\u00fcne giden M.Y. idaresindeki 43 AGD 955 plakal\u0131 motosiklet ile \u00f6n\u00fcnde ayn\u0131 istikamete seyir halinde olan H.Y. y\u00f6netimindeki 43 EH 430 plakal\u0131 otomobilin \u00e7arp\u0131\u015fmas\u0131 sonucu trafik kazas\u0131 meydana geldi. Kaza ihbar\u0131 \u00fczerine belirtilen yere 112 acil servis ekipleri sevk edildi.<br \/>\n<br \/>Meydana gelen kazada motosiklette yolcu olarak bulunan E.T.A. yaraland\u0131. Yaral\u0131 112 Acil Servis ekiplerinin ilk m\u00fcdahalesinin ard\u0131ndan Tav\u015fanl\u0131 Do\u00e7. Dr. Mustafa Kalemli  Devlet Hastanesi\u2019ne kald\u0131r\u0131ld\u0131.<br \/><\/p>\n","protected":false},"excerpt":{"rendered":"<p>K\u00fctahya\u2019n\u0131n Tav\u015fanl\u0131 il\u00e7esinde otomobil ile motosikletin \u00e7arp\u0131\u015fmas\u0131 sonucu meydana gelen trafik kazas\u0131nda 1 ki\u015fi yaraland\u0131. Kaza, Tav\u015fanl\u0131 Harmanc\u0131k yolu Tav\u015fanl\u0131 istikametinde meydana geldi. Al\u0131nan bilgiye g\u00f6re, Harmanc\u0131k istikametinden Tav\u015fanl\u0131 y\u00f6n\u00fcne giden M.Y. idaresindeki 43 AGD 955 plakal\u0131 motosiklet ile \u00f6n\u00fcnde ayn\u0131 istikamete seyir halinde olan H.Y. y\u00f6netimindeki 43 EH 430 plakal\u0131 otomobilin \u00e7arp\u0131\u015fmas\u0131 sonucu trafik&#8230;<\/p>\n","protected":false},"author":1,"featured_media":36924,"comment_status":"open","ping_status":"open","sticky":false,"template":"","format":"standard","meta":{"_crdt_document":"","footnotes":""},"categories":[5],"tags":[],"class_list":["post-36923","post","type-post","status-publish","format-standard","has-post-thumbnail","hentry","category-asayis"],"_links":{"self":[{"href":"https:\/\/www.egemtv.com\/index.php?rest_route=\/wp\/v2\/posts\/36923","targetHints":{"allow":["GET"]}}],"collection":[{"href":"https:\/\/www.egemtv.com\/index.php?rest_route=\/wp\/v2\/posts"}],"about":[{"href":"https:\/\/www.egemtv.com\/index.php?rest_route=\/wp\/v2\/types\/post"}],"author":[{"embeddable":true,"href":"https:\/\/www.egemtv.com\/index.php?rest_route=\/wp\/v2\/users\/1"}],"replies":[{"embeddable":true,"href":"https:\/\/www.egemtv.com\/index.php?rest_route=%2Fwp%2Fv2%2Fcomments&post=36923"}],"version-history":[{"count":1,"href":"https:\/\/www.egemtv.com\/index.php?rest_route=\/wp\/v2\/posts\/36923\/revisions"}],"predecessor-version":[{"id":36925,"href":"https:\/\/www.egemtv.com\/index.php?rest_route=\/wp\/v2\/posts\/36923\/revisions\/36925"}],"wp:featuredmedia":[{"embeddable":true,"href":"https:\/\/www.egemtv.com\/index.php?rest_route=\/wp\/v2\/media\/36924"}],"wp:attachment":[{"href":"https:\/\/www.egemtv.com\/index.php?rest_route=%2Fwp%2Fv2%2Fmedia&parent=36923"}],"wp:term":[{"taxonomy":"category","embeddable":true,"href":"https:\/\/www.egemtv.com\/index.php?rest_route=%2Fwp%2Fv2%2Fcategories&post=36923"},{"taxonomy":"post_tag","embeddable":true,"href":"https:\/\/www.egemtv.com\/index.php?rest_route=%2Fwp%2Fv2%2Ftags&post=36923"}],"curies":[{"name":"wp","href":"https:\/\/api.w.org\/{rel}","templated":true}]}}