{"id":36920,"date":"2025-06-22T10:15:41","date_gmt":"2025-06-22T07:15:41","guid":{"rendered":"https:\/\/www.egemtv.com\/?p=36920"},"modified":"2025-06-22T10:15:45","modified_gmt":"2025-06-22T07:15:45","slug":"anadolu-zeytin-kulturu-dunyanin-en-buyuk-muzesinde-yasatiliyor","status":"publish","type":"post","link":"https:\/\/www.egemtv.com\/?p=36920","title":{"rendered":"Anadolu zeytin k\u00fclt\u00fcr\u00fc d\u00fcnyan\u0131n en b\u00fcy\u00fck m\u00fczesinde ya\u015fat\u0131l\u0131yor"},"content":{"rendered":"<p>\u0130zmir\u2019in Urla il\u00e7esindeki K\u00f6stem Zeytinya\u011f\u0131 M\u00fczesi, 2 bin y\u0131l\u0131 a\u015fk\u0131n Anadolu zeytin k\u00fclt\u00fcr\u00fcn\u00fc birebir \u00f6l\u00e7ekli \u00fcretim sistemleriyle d\u00fcnyaya tan\u0131t\u0131yor. Do\u00e7. Dr. Levent K\u00f6stem\u2019in kurdu\u011fu d\u00fcnyan\u0131n en b\u00fcy\u00fck zeytinya\u011f\u0131 m\u00fczesi, tarihi miras\u0131 sergilemenin yan\u0131 s\u0131ra modern \u00fcretim ve e\u011fitimle zeytincili\u011fi canl\u0131 tutuyor.<br \/>\n<br \/>Urla\u2019n\u0131n Uzunkuyu k\u00f6y\u00fcnde kurulan K\u00f6stem Zeytinya\u011f\u0131 M\u00fczesi, 20 bin metrekarelik alanda, 5 bin 650 metrekarelik kapal\u0131 mekan\u0131yla d\u00fcnyan\u0131n en b\u00fcy\u00fck zeytinya\u011f\u0131 m\u00fczesi olma \u00f6zelli\u011fini ta\u015f\u0131yor. M\u00fczenin temelleri, K\u00f6stem K\u00fclt\u00fcr, E\u011fitim ve M\u00fczecilik Vakf\u0131 Ba\u015fkan\u0131 Do\u00e7. Dr. Levent K\u00f6stem\u2019in Urla Nohutalan k\u00f6y\u00fcnde 10 bin zeytin a\u011fac\u0131 dikerek kurdu\u011fu organik zeytin \u00e7iftli\u011fi ile ba\u015flad\u0131. K\u00f6stem, T\u00fcrk zeytinya\u011f\u0131n\u0131n hak etti\u011fi yerde olmamas\u0131 \u00fczerine 6 y\u0131l boyunca Ege k\u00f6ylerini gezerek eski zeytinya\u011f\u0131 i\u015fli\u011fi makineleri, ekipmanlar\u0131 ve malzemelerini toplad\u0131. Daha sonra d\u00fcnyada bilinen ilk zeytinya\u011f\u0131 i\u015fli\u011finin bulundu\u011fu Klozamenai\u2019de m\u00fcze kurulmas\u0131 karar\u0131n\u0131 verdi ve 2016\u2019da &#8220;D\u00fcnya Zeytin G\u00fcn\u00fc&#8221;nde K\u00f6stem Zeytinya\u011f\u0131 M\u00fczesi\u2019ni a\u00e7t\u0131. M\u00fczede insan ve hayvan g\u00fcc\u00fcyle ba\u015flayan \u00fcretimden, son teknoloji modern tesislere kadar t\u00fcm s\u00fcre\u00e7ler yer al\u0131yor. Ayr\u0131ca, m\u00fcze i\u00e7inde bin y\u0131ll\u0131k zeytin a\u011fac\u0131 ve Klozamenai i\u015fli\u011fi kopyas\u0131 gibi sembolik mekanlar bulunuyor. Ziyaret\u00e7iler, bu sayede ge\u00e7mi\u015ften g\u00fcn\u00fcm\u00fcze zeytinya\u011f\u0131n\u0131n tarihini hem k\u00fclt\u00fcrel hem de teknik a\u00e7\u0131dan yak\u0131ndan g\u00f6rebiliyor. Haftan\u0131n alt\u0131 g\u00fcn\u00fc, sabah 10.00\u2019dan ak\u015fam 17.00\u2019ye kadar a\u00e7\u0131k olan m\u00fcze, pazartesi g\u00fcnleri ise ziyaret\u00e7ilere kapal\u0131 oluyor.<\/p>\n<p>M\u00fcze fikrinin do\u011fu\u015fu<br \/>\n<br \/>2002 y\u0131l\u0131nda zeytinya\u011f\u0131 ve zeytin s\u00fcrecine girdi\u011fini belirten Levent K\u00f6stem, o d\u00f6nemlerde m\u00fcze plan\u0131n\u0131n olmad\u0131\u011f\u0131n\u0131 ifade etti. K\u00f6stem, &#8220;Fakat zamanla zeytin dikmeye ba\u015flad\u0131ktan sonra m\u00fcze yapma fikri geli\u015fti. \u0130lk ba\u015fta zeytinli\u011fin oldu\u011fu yerde k\u00fc\u00e7\u00fck bir \u015fey yapmak istedim ama yasal izinler al\u0131namad\u0131. Sonra sat\u0131l\u0131k bir bina bulduk ve Anadolu\u2019da var olan b\u00fct\u00fcn zeytin s\u0131kma tekniklerinin orijinallerini birebir \u00f6l\u00e7ekte toparlayarak kapsaml\u0131 bir proje haz\u0131rlad\u0131k. Bu proje do\u011frultusunda \u00c7anakkale\u2019den Mu\u011fla\u2019ya kadar bir\u00e7ok yerden malzeme toplad\u0131k. Ege\u2019nin her taraf\u0131ndan hastalar\u0131m\u0131n ve futbol kul\u00fcplerinin yard\u0131m\u0131yla antikac\u0131lardan da destek alarak, k\u00fclt\u00fcr\u00fcn kaybolmamas\u0131 i\u00e7in orijinal aletleri bulduk. Bu malzemeler uzun y\u0131llar depoda durdu ve zamanla m\u00fcze haline geldi. Anadolu\u2019nun binlerce y\u0131ll\u0131k zeytin ve zeytinya\u011f\u0131 \u00fcretim k\u00fclt\u00fcr\u00fcn\u00fc, hayvan g\u00fcc\u00fcyle \u00e7al\u0131\u015fan sistemlerden sanayi devrimi sonras\u0131 buharl\u0131 ve elektrikli makinelerle geli\u015fen sistemlere kadar detayl\u0131 \u015fekilde sergiliyoruz&#8221; dedi.<\/p>\n<p>Uluslararas\u0131 \u00f6d\u00fcller kazand\u0131<br \/>\n<br \/>Sertifikal\u0131 organik tar\u0131m yapt\u0131\u011f\u0131n\u0131 ve zeytin a\u011fa\u00e7lar\u0131n\u0131n say\u0131s\u0131n\u0131n 14 bin civar\u0131nda oldu\u011funu vurgulayan K\u00f6stem, s\u00f6zlerini \u015fu \u015fekilde noktalad\u0131:<br \/>\n<br \/>&#8220;Zeytinya\u011f\u0131 \u00fcretimi temel olarak binlerce y\u0131ld\u0131r ayn\u0131 prensiplerle s\u00fcrm\u00fc\u015f; par\u00e7alanm\u0131\u015f zeytin s\u0131k\u0131larak ya\u011f ayr\u0131\u015ft\u0131r\u0131lm\u0131\u015f. Ancak sanayi devrimi ile \u00fcretim teknikleri de\u011fi\u015fmi\u015f ve modern sistemler hijyen ve kalite a\u00e7\u0131s\u0131ndan \u00e7ok daha iyi sonu\u00e7lar veriyor. Modern sistemlerde, 26-27 derece s\u0131cakl\u0131kta s\u0131k\u0131m ve depolamada azot kullan\u0131m\u0131 kaliteyi \u00f6nemli \u00f6l\u00e7\u00fcde art\u0131r\u0131yor. Tesisimizde \u00fcretti\u011fimiz zeytinya\u011f\u0131yla son y\u0131llarda Londra, New York, Berlin, \u0130talya gibi uluslararas\u0131 yar\u0131\u015fmalardan alt\u0131n ve g\u00fcm\u00fc\u015f madalyalar ald\u0131k. M\u00fcze, \u00fcretim at\u00f6lyesi, fabrika ve e\u011fitim birimlerinden olu\u015fan alanda, Anadolu\u2019nun zeytinya\u011f\u0131 tarihini ve k\u00fclt\u00fcr\u00fcn\u00fc yabanc\u0131 ziyaret\u00e7ilere tan\u0131t\u0131yor, modern m\u00fczecilik anlay\u0131\u015f\u0131yla e\u011fitimler veriyoruz. Buras\u0131 aile i\u015fletmesi olarak destekleniyor; e\u015fim biyolog olarak a\u011fa\u00e7lar\u0131n bak\u0131m\u0131n\u0131 \u00fcstleniyor, \u00e7ocuklar\u0131m\u0131z ve torunlar\u0131m\u0131z da s\u00fcrece dahil oluyor. B\u00f6ylece hem ge\u00e7mi\u015fi ya\u015fat\u0131yor hem de gelece\u011fe ta\u015f\u0131yoruz.&#8221;<br \/><\/p>\n","protected":false},"excerpt":{"rendered":"<p>\u0130zmir\u2019in Urla il\u00e7esindeki K\u00f6stem Zeytinya\u011f\u0131 M\u00fczesi, 2 bin y\u0131l\u0131 a\u015fk\u0131n Anadolu zeytin k\u00fclt\u00fcr\u00fcn\u00fc birebir \u00f6l\u00e7ekli \u00fcretim sistemleriyle d\u00fcnyaya tan\u0131t\u0131yor. Do\u00e7. Dr. Levent K\u00f6stem\u2019in kurdu\u011fu d\u00fcnyan\u0131n en b\u00fcy\u00fck zeytinya\u011f\u0131 m\u00fczesi, tarihi miras\u0131 sergilemenin yan\u0131 s\u0131ra modern \u00fcretim ve e\u011fitimle zeytincili\u011fi canl\u0131 tutuyor. Urla\u2019n\u0131n Uzunkuyu k\u00f6y\u00fcnde kurulan K\u00f6stem Zeytinya\u011f\u0131 M\u00fczesi, 20 bin metrekarelik alanda, 5 bin 650&#8230;<\/p>\n","protected":false},"author":1,"featured_media":36921,"comment_status":"open","ping_status":"open","sticky":false,"template":"","format":"standard","meta":{"_crdt_document":"","footnotes":""},"categories":[1],"tags":[],"class_list":["post-36920","post","type-post","status-publish","format-standard","has-post-thumbnail","hentry","category-guncel"],"_links":{"self":[{"href":"https:\/\/www.egemtv.com\/index.php?rest_route=\/wp\/v2\/posts\/36920","targetHints":{"allow":["GET"]}}],"collection":[{"href":"https:\/\/www.egemtv.com\/index.php?rest_route=\/wp\/v2\/posts"}],"about":[{"href":"https:\/\/www.egemtv.com\/index.php?rest_route=\/wp\/v2\/types\/post"}],"author":[{"embeddable":true,"href":"https:\/\/www.egemtv.com\/index.php?rest_route=\/wp\/v2\/users\/1"}],"replies":[{"embeddable":true,"href":"https:\/\/www.egemtv.com\/index.php?rest_route=%2Fwp%2Fv2%2Fcomments&post=36920"}],"version-history":[{"count":1,"href":"https:\/\/www.egemtv.com\/index.php?rest_route=\/wp\/v2\/posts\/36920\/revisions"}],"predecessor-version":[{"id":36922,"href":"https:\/\/www.egemtv.com\/index.php?rest_route=\/wp\/v2\/posts\/36920\/revisions\/36922"}],"wp:featuredmedia":[{"embeddable":true,"href":"https:\/\/www.egemtv.com\/index.php?rest_route=\/wp\/v2\/media\/36921"}],"wp:attachment":[{"href":"https:\/\/www.egemtv.com\/index.php?rest_route=%2Fwp%2Fv2%2Fmedia&parent=36920"}],"wp:term":[{"taxonomy":"category","embeddable":true,"href":"https:\/\/www.egemtv.com\/index.php?rest_route=%2Fwp%2Fv2%2Fcategories&post=36920"},{"taxonomy":"post_tag","embeddable":true,"href":"https:\/\/www.egemtv.com\/index.php?rest_route=%2Fwp%2Fv2%2Ftags&post=36920"}],"curies":[{"name":"wp","href":"https:\/\/api.w.org\/{rel}","templated":true}]}}