{"id":36917,"date":"2025-06-22T09:55:35","date_gmt":"2025-06-22T06:55:35","guid":{"rendered":"https:\/\/www.egemtv.com\/?p=36917"},"modified":"2025-06-22T09:55:39","modified_gmt":"2025-06-22T06:55:39","slug":"tavsanlida-saganak-yagmur-ve-dolu-yagisi","status":"publish","type":"post","link":"https:\/\/www.egemtv.com\/?p=36917","title":{"rendered":"Tav\u015fanl\u0131\u2019da sa\u011fanak ya\u011fmur ve dolu ya\u011f\u0131\u015f\u0131"},"content":{"rendered":"<p>K\u00fctahya\u2019n\u0131n Tav\u015fanl\u0131 il\u00e7esine ba\u011fl\u0131 De\u011firmisaz k\u00f6y\u00fc etkili olan sa\u011fanak ya\u011fmur ve dolu ya\u011f\u0131\u015f\u0131 etkili oldu. Yakla\u015f\u0131k yar\u0131m saat s\u00fcren \u015fiddetli ya\u011f\u0131\u015f, tar\u0131m alanlar\u0131nda zarara yol a\u00e7arken, k\u00f6y\u00fcn giri\u015f yolu da ta\u015f ve bal\u00e7\u0131k y\u0131\u011f\u0131nlar\u0131yla kapand\u0131.<br \/>\n<br \/>Aniden bast\u0131ran sa\u011fanakla birlikte dolu, De\u011firmisaz k\u00f6y\u00fcnde hayat\u0131 olumsuz etkiledi. K\u00f6y giri\u015fine ta\u015fan sel sular\u0131, beraberinde s\u00fcr\u00fckledi\u011fi ta\u015f ve toprakla yolu kapatt\u0131. Ula\u015f\u0131mda k\u0131sa s\u00fcreli aksakl\u0131klar\u0131n ya\u015fand\u0131\u011f\u0131 k\u00f6yde vatanda\u015flar, k\u00f6ye giri\u015f ve \u00e7\u0131k\u0131\u015fta zorluk \u00e7ekti.<br \/>\n<br \/>K\u00f6y halk\u0131, herhangi bir resmi yard\u0131m gelmeden kendi imk\u00e2nlar\u0131yla kapanan yolu a\u00e7mak i\u00e7in seferber oldu. El birli\u011fiyle y\u00fcr\u00fct\u00fclen yakla\u015f\u0131k yar\u0131m saatlik yo\u011fun \u00e7al\u0131\u015fman\u0131n ard\u0131ndan yol yeniden ula\u015f\u0131ma a\u00e7\u0131ld\u0131. K\u00f6yl\u00fclerin \u00f6rnek dayan\u0131\u015fmas\u0131, muhtemel daha b\u00fcy\u00fck ma\u011fduriyetin \u00f6n\u00fcne ge\u00e7ti.<br \/><\/p>\n","protected":false},"excerpt":{"rendered":"<p>K\u00fctahya\u2019n\u0131n Tav\u015fanl\u0131 il\u00e7esine ba\u011fl\u0131 De\u011firmisaz k\u00f6y\u00fc etkili olan sa\u011fanak ya\u011fmur ve dolu ya\u011f\u0131\u015f\u0131 etkili oldu. Yakla\u015f\u0131k yar\u0131m saat s\u00fcren \u015fiddetli ya\u011f\u0131\u015f, tar\u0131m alanlar\u0131nda zarara yol a\u00e7arken, k\u00f6y\u00fcn giri\u015f yolu da ta\u015f ve bal\u00e7\u0131k y\u0131\u011f\u0131nlar\u0131yla kapand\u0131. Aniden bast\u0131ran sa\u011fanakla birlikte dolu, De\u011firmisaz k\u00f6y\u00fcnde hayat\u0131 olumsuz etkiledi. K\u00f6y giri\u015fine ta\u015fan sel sular\u0131, beraberinde s\u00fcr\u00fckledi\u011fi ta\u015f ve toprakla&#8230;<\/p>\n","protected":false},"author":1,"featured_media":36918,"comment_status":"open","ping_status":"open","sticky":false,"template":"","format":"standard","meta":{"_crdt_document":"","footnotes":""},"categories":[1],"tags":[],"class_list":["post-36917","post","type-post","status-publish","format-standard","has-post-thumbnail","hentry","category-guncel"],"_links":{"self":[{"href":"https:\/\/www.egemtv.com\/index.php?rest_route=\/wp\/v2\/posts\/36917","targetHints":{"allow":["GET"]}}],"collection":[{"href":"https:\/\/www.egemtv.com\/index.php?rest_route=\/wp\/v2\/posts"}],"about":[{"href":"https:\/\/www.egemtv.com\/index.php?rest_route=\/wp\/v2\/types\/post"}],"author":[{"embeddable":true,"href":"https:\/\/www.egemtv.com\/index.php?rest_route=\/wp\/v2\/users\/1"}],"replies":[{"embeddable":true,"href":"https:\/\/www.egemtv.com\/index.php?rest_route=%2Fwp%2Fv2%2Fcomments&post=36917"}],"version-history":[{"count":1,"href":"https:\/\/www.egemtv.com\/index.php?rest_route=\/wp\/v2\/posts\/36917\/revisions"}],"predecessor-version":[{"id":36919,"href":"https:\/\/www.egemtv.com\/index.php?rest_route=\/wp\/v2\/posts\/36917\/revisions\/36919"}],"wp:featuredmedia":[{"embeddable":true,"href":"https:\/\/www.egemtv.com\/index.php?rest_route=\/wp\/v2\/media\/36918"}],"wp:attachment":[{"href":"https:\/\/www.egemtv.com\/index.php?rest_route=%2Fwp%2Fv2%2Fmedia&parent=36917"}],"wp:term":[{"taxonomy":"category","embeddable":true,"href":"https:\/\/www.egemtv.com\/index.php?rest_route=%2Fwp%2Fv2%2Fcategories&post=36917"},{"taxonomy":"post_tag","embeddable":true,"href":"https:\/\/www.egemtv.com\/index.php?rest_route=%2Fwp%2Fv2%2Ftags&post=36917"}],"curies":[{"name":"wp","href":"https:\/\/api.w.org\/{rel}","templated":true}]}}