{"id":36914,"date":"2025-06-22T09:36:17","date_gmt":"2025-06-22T06:36:17","guid":{"rendered":"https:\/\/www.egemtv.com\/?p=36914"},"modified":"2025-06-22T09:36:21","modified_gmt":"2025-06-22T06:36:21","slug":"didimde-sahte-kamu-gorevlileri-kom-ekiplerinin-operasyonuyla-yakalandi","status":"publish","type":"post","link":"https:\/\/www.egemtv.com\/?p=36914","title":{"rendered":"Didim\u2019de sahte kamu g\u00f6revlileri KOM ekiplerinin operasyonuyla yakaland\u0131"},"content":{"rendered":"<p>Ayd\u0131n\u2019\u0131n Didim il\u00e7esinde kendilerini kamu g\u00f6revlisi olarak tan\u0131tarak hazine arazilerinin sat\u0131\u015flar\u0131 yapacaklar\u0131, adli sicil kay\u0131tlar\u0131n\u0131 sildirecekleri ve trafikte ge\u00e7i\u015f \u00fcst\u00fcnl\u00fc\u011f\u00fc sa\u011flayacaklar\u0131 gibi vaatlerde bulunarak haks\u0131z kazan\u00e7 elde eden 2 \u015f\u00fcpheli d\u00fczenlenen operasyon ile yakalan\u0131rken, \u00e7\u0131kart\u0131ld\u0131klar\u0131 adli makamlarca tutukland\u0131.<\/p>\n<p>Edinilen bilgiye g\u00f6re, Didim Ka\u00e7ak\u00e7\u0131l\u0131k ve Organize Su\u00e7larla M\u00fccadele (KOM) ekipleri taraf\u0131ndan nitelikli doland\u0131r\u0131c\u0131l\u0131k olay\u0131 ile ilgili olarak y\u00fcr\u00fct\u00fclen soru\u015fturma kapsam\u0131nda operasyon i\u00e7in d\u00fc\u011fmeye bas\u0131ld\u0131. Kendilerini kamu g\u00f6revlisi olarak tan\u0131tarak hazine arazilerinin sat\u0131\u015flar\u0131 yapacaklar\u0131, adli sicil kay\u0131tlar\u0131n\u0131 sildirecekleri, trafikte ge\u00e7i\u015f \u00fcst\u00fcnl\u00fc\u011f\u00fc sa\u011flayacaklar\u0131 gibi vaatlerde bulunarak haks\u0131z kazan\u00e7 elde eden \u015f\u00fcpheli \u015fah\u0131slara y\u00f6nelik yap\u0131lan \u00e7al\u0131\u015fmalar sonucu A.D ve N.D isimli \u015f\u00fcpheliler k\u0131sk\u0131vrak yakalanarak g\u00f6zalt\u0131na al\u0131nd\u0131. \u015e\u00fcphelilerin evlerinde yap\u0131lan aramalarda ajandalar ve dijital materyaller ele ge\u00e7irildi. \u015e\u00fcpheliler emniyetteki i\u015flemlerinin ard\u0131ndan sevk edildikleri adli makamlarca tutuklanarak cezaevine g\u00f6nderildi.<br \/><\/p>\n","protected":false},"excerpt":{"rendered":"<p>Ayd\u0131n\u2019\u0131n Didim il\u00e7esinde kendilerini kamu g\u00f6revlisi olarak tan\u0131tarak hazine arazilerinin sat\u0131\u015flar\u0131 yapacaklar\u0131, adli sicil kay\u0131tlar\u0131n\u0131 sildirecekleri ve trafikte ge\u00e7i\u015f \u00fcst\u00fcnl\u00fc\u011f\u00fc sa\u011flayacaklar\u0131 gibi vaatlerde bulunarak haks\u0131z kazan\u00e7 elde eden 2 \u015f\u00fcpheli d\u00fczenlenen operasyon ile yakalan\u0131rken, \u00e7\u0131kart\u0131ld\u0131klar\u0131 adli makamlarca tutukland\u0131. Edinilen bilgiye g\u00f6re, Didim Ka\u00e7ak\u00e7\u0131l\u0131k ve Organize Su\u00e7larla M\u00fccadele (KOM) ekipleri taraf\u0131ndan nitelikli doland\u0131r\u0131c\u0131l\u0131k olay\u0131 ile ilgili&#8230;<\/p>\n","protected":false},"author":1,"featured_media":36915,"comment_status":"open","ping_status":"open","sticky":false,"template":"","format":"standard","meta":{"_crdt_document":"","footnotes":""},"categories":[5],"tags":[],"class_list":["post-36914","post","type-post","status-publish","format-standard","has-post-thumbnail","hentry","category-asayis"],"_links":{"self":[{"href":"https:\/\/www.egemtv.com\/index.php?rest_route=\/wp\/v2\/posts\/36914","targetHints":{"allow":["GET"]}}],"collection":[{"href":"https:\/\/www.egemtv.com\/index.php?rest_route=\/wp\/v2\/posts"}],"about":[{"href":"https:\/\/www.egemtv.com\/index.php?rest_route=\/wp\/v2\/types\/post"}],"author":[{"embeddable":true,"href":"https:\/\/www.egemtv.com\/index.php?rest_route=\/wp\/v2\/users\/1"}],"replies":[{"embeddable":true,"href":"https:\/\/www.egemtv.com\/index.php?rest_route=%2Fwp%2Fv2%2Fcomments&post=36914"}],"version-history":[{"count":1,"href":"https:\/\/www.egemtv.com\/index.php?rest_route=\/wp\/v2\/posts\/36914\/revisions"}],"predecessor-version":[{"id":36916,"href":"https:\/\/www.egemtv.com\/index.php?rest_route=\/wp\/v2\/posts\/36914\/revisions\/36916"}],"wp:featuredmedia":[{"embeddable":true,"href":"https:\/\/www.egemtv.com\/index.php?rest_route=\/wp\/v2\/media\/36915"}],"wp:attachment":[{"href":"https:\/\/www.egemtv.com\/index.php?rest_route=%2Fwp%2Fv2%2Fmedia&parent=36914"}],"wp:term":[{"taxonomy":"category","embeddable":true,"href":"https:\/\/www.egemtv.com\/index.php?rest_route=%2Fwp%2Fv2%2Fcategories&post=36914"},{"taxonomy":"post_tag","embeddable":true,"href":"https:\/\/www.egemtv.com\/index.php?rest_route=%2Fwp%2Fv2%2Ftags&post=36914"}],"curies":[{"name":"wp","href":"https:\/\/api.w.org\/{rel}","templated":true}]}}