{"id":36911,"date":"2025-06-22T09:36:13","date_gmt":"2025-06-22T06:36:13","guid":{"rendered":"https:\/\/www.egemtv.com\/?p=36911"},"modified":"2025-06-22T09:36:17","modified_gmt":"2025-06-22T06:36:17","slug":"aydindaki-yangin-kontrol-altina-alindi-2","status":"publish","type":"post","link":"https:\/\/www.egemtv.com\/?p=36911","title":{"rendered":"Ayd\u0131n\u2019daki yang\u0131n kontrol alt\u0131na al\u0131nd\u0131"},"content":{"rendered":"<p>Ayd\u0131n\u2019\u0131n Efeler il\u00e7esi Savrandere Mahallesi mevkisinde tar\u0131m arazisinde ba\u015flayan ve ormanl\u0131k alana s\u0131\u00e7rayarak geni\u015f bir alana yay\u0131lan yang\u0131n ekiplerin yo\u011fun m\u00fcdahalesi ile kontrol alt\u0131na al\u0131nd\u0131.<br \/>\n<br \/>Edinilen bilgiye g\u00f6re, 21 Haziran Cumartesi g\u00fcn\u00fc saat 15.00 s\u0131ralar\u0131nda Savrandere Mahallesi\u2019nde ilk belirlemelere g\u00f6re trafo patlamas\u0131 sonucu \u00e7\u0131kan yang\u0131n r\u00fczgar\u0131n \u015fiddeti ile geni\u015f bir alana yay\u0131ld\u0131. Tar\u0131m arazisinde ba\u015flay\u0131p ormanl\u0131k alana s\u0131\u00e7rayan yang\u0131n sebebiyle Bademli Mahallesi tedbir ama\u00e7l\u0131 tahliye edilirken, s\u00f6nd\u00fcrme \u00e7al\u0131\u015fmalar\u0131 g\u00fcn boyu havadan ve karadan devam etti. Havan\u0131n kararmas\u0131n\u0131n ard\u0131ndan bir s\u00fcre karadan devam eden s\u00f6nd\u00fcrme \u00e7al\u0131\u015fmalar\u0131na, b\u00f6lgeye sevk edilen 2 gece g\u00f6r\u00fc\u015fl\u00fc helikopter havadan destek vermeye ba\u015flad\u0131. B\u00f6lgedeki ekipler alevlere kar\u015f\u0131 b\u00fcy\u00fck bir m\u00fccadele verirken, gece g\u00f6r\u00fc\u015fl\u00fc helikopterler de \u00e7al\u0131\u015fmalara gece boyunca havdan destek verdi.<br \/>\n<br \/>Ekiplerin yo\u011fun m\u00fcdahalesi ile yang\u0131n kontrol alt\u0131na al\u0131n\u0131rken, yanan b\u00f6lge havadan helikopter ile g\u00f6r\u00fcnt\u00fclendi. So\u011futma \u00e7al\u0131\u015fmalar\u0131 ise devam ediyor.<br \/><\/p>\n","protected":false},"excerpt":{"rendered":"<p>Ayd\u0131n\u2019\u0131n Efeler il\u00e7esi Savrandere Mahallesi mevkisinde tar\u0131m arazisinde ba\u015flayan ve ormanl\u0131k alana s\u0131\u00e7rayarak geni\u015f bir alana yay\u0131lan yang\u0131n ekiplerin yo\u011fun m\u00fcdahalesi ile kontrol alt\u0131na al\u0131nd\u0131. Edinilen bilgiye g\u00f6re, 21 Haziran Cumartesi g\u00fcn\u00fc saat 15.00 s\u0131ralar\u0131nda Savrandere Mahallesi\u2019nde ilk belirlemelere g\u00f6re trafo patlamas\u0131 sonucu \u00e7\u0131kan yang\u0131n r\u00fczgar\u0131n \u015fiddeti ile geni\u015f bir alana yay\u0131ld\u0131. Tar\u0131m arazisinde ba\u015flay\u0131p&#8230;<\/p>\n","protected":false},"author":1,"featured_media":36912,"comment_status":"open","ping_status":"open","sticky":false,"template":"","format":"standard","meta":{"_crdt_document":"","footnotes":""},"categories":[5],"tags":[],"class_list":["post-36911","post","type-post","status-publish","format-standard","has-post-thumbnail","hentry","category-asayis"],"_links":{"self":[{"href":"https:\/\/www.egemtv.com\/index.php?rest_route=\/wp\/v2\/posts\/36911","targetHints":{"allow":["GET"]}}],"collection":[{"href":"https:\/\/www.egemtv.com\/index.php?rest_route=\/wp\/v2\/posts"}],"about":[{"href":"https:\/\/www.egemtv.com\/index.php?rest_route=\/wp\/v2\/types\/post"}],"author":[{"embeddable":true,"href":"https:\/\/www.egemtv.com\/index.php?rest_route=\/wp\/v2\/users\/1"}],"replies":[{"embeddable":true,"href":"https:\/\/www.egemtv.com\/index.php?rest_route=%2Fwp%2Fv2%2Fcomments&post=36911"}],"version-history":[{"count":1,"href":"https:\/\/www.egemtv.com\/index.php?rest_route=\/wp\/v2\/posts\/36911\/revisions"}],"predecessor-version":[{"id":36913,"href":"https:\/\/www.egemtv.com\/index.php?rest_route=\/wp\/v2\/posts\/36911\/revisions\/36913"}],"wp:featuredmedia":[{"embeddable":true,"href":"https:\/\/www.egemtv.com\/index.php?rest_route=\/wp\/v2\/media\/36912"}],"wp:attachment":[{"href":"https:\/\/www.egemtv.com\/index.php?rest_route=%2Fwp%2Fv2%2Fmedia&parent=36911"}],"wp:term":[{"taxonomy":"category","embeddable":true,"href":"https:\/\/www.egemtv.com\/index.php?rest_route=%2Fwp%2Fv2%2Fcategories&post=36911"},{"taxonomy":"post_tag","embeddable":true,"href":"https:\/\/www.egemtv.com\/index.php?rest_route=%2Fwp%2Fv2%2Ftags&post=36911"}],"curies":[{"name":"wp","href":"https:\/\/api.w.org\/{rel}","templated":true}]}}