{"id":36908,"date":"2025-06-22T08:54:47","date_gmt":"2025-06-22T05:54:47","guid":{"rendered":"https:\/\/www.egemtv.com\/?p=36908"},"modified":"2025-06-22T08:54:50","modified_gmt":"2025-06-22T05:54:50","slug":"yilan-tarafindan-isirilan-adam-hastaneye-kaldirildi","status":"publish","type":"post","link":"https:\/\/www.egemtv.com\/?p=36908","title":{"rendered":"Y\u0131lan taraf\u0131ndan \u0131s\u0131r\u0131lan adam hastaneye kald\u0131r\u0131ld\u0131"},"content":{"rendered":"<p>Denizli\u2019de \u00e7ift\u00e7ilik yapan adam evine gitti\u011finde ayak parma\u011f\u0131ndan y\u0131lan sokarak ac\u0131lar i\u00e7inde yere y\u0131\u011f\u0131ld\u0131. Hastaneye kald\u0131r\u0131lan adam\u0131n sa\u011fl\u0131k durumu iyi oldu\u011fu \u00f6\u011frenildi.<\/p>\n<p>Olay, Buldan il\u00e7esi T\u00fcrl\u00fcbey Mahallesi\u2019nde meydana geldi. Edinilen bilgilere g\u00f6re, \u00e7ift\u00e7ilik yapan T\u00fcrker Kesent\u00fcrk evine geldi\u011finde y\u0131lan soktu. Ayak parma\u011f\u0131ndan y\u0131lan sokan T\u00fcrker Kesent\u00fcrk ac\u0131 i\u00e7inde yere y\u0131\u011f\u0131ld\u0131. Olay an\u0131nda yere y\u0131\u011f\u0131lan T\u00fcrker Kesent\u00fcrk\u2019in ailesi durumu 112 Acil \u00c7a\u011fr\u0131 Merkezine bildirdi.<\/p>\n<p>\u0130hbar \u00fczerine b\u00f6lgeye gelen sa\u011fl\u0131k ekipleri ilk m\u00fcdahalelerin ard\u0131ndan ambulans ile Buldan G\u00f6\u011f\u00fcs Hastal\u0131klar\u0131 Hastanesine sevk etti. Tedavisi devam eden Kesent\u00fcrk\u2019\u00fcn sa\u011fl\u0131k durumu iyi oldu\u011fu \u00f6\u011frenildi. Y\u0131lan\u0131n ise yakla\u015f\u0131k 1 metre uzunlu\u011funda ve alaca renkli oldu\u011fu tespit edildi.<br \/><\/p>\n","protected":false},"excerpt":{"rendered":"<p>Denizli\u2019de \u00e7ift\u00e7ilik yapan adam evine gitti\u011finde ayak parma\u011f\u0131ndan y\u0131lan sokarak ac\u0131lar i\u00e7inde yere y\u0131\u011f\u0131ld\u0131. Hastaneye kald\u0131r\u0131lan adam\u0131n sa\u011fl\u0131k durumu iyi oldu\u011fu \u00f6\u011frenildi. Olay, Buldan il\u00e7esi T\u00fcrl\u00fcbey Mahallesi\u2019nde meydana geldi. Edinilen bilgilere g\u00f6re, \u00e7ift\u00e7ilik yapan T\u00fcrker Kesent\u00fcrk evine geldi\u011finde y\u0131lan soktu. Ayak parma\u011f\u0131ndan y\u0131lan sokan T\u00fcrker Kesent\u00fcrk ac\u0131 i\u00e7inde yere y\u0131\u011f\u0131ld\u0131. Olay an\u0131nda yere y\u0131\u011f\u0131lan T\u00fcrker&#8230;<\/p>\n","protected":false},"author":1,"featured_media":36909,"comment_status":"open","ping_status":"open","sticky":false,"template":"","format":"standard","meta":{"_crdt_document":"","footnotes":""},"categories":[5],"tags":[],"class_list":["post-36908","post","type-post","status-publish","format-standard","has-post-thumbnail","hentry","category-asayis"],"_links":{"self":[{"href":"https:\/\/www.egemtv.com\/index.php?rest_route=\/wp\/v2\/posts\/36908","targetHints":{"allow":["GET"]}}],"collection":[{"href":"https:\/\/www.egemtv.com\/index.php?rest_route=\/wp\/v2\/posts"}],"about":[{"href":"https:\/\/www.egemtv.com\/index.php?rest_route=\/wp\/v2\/types\/post"}],"author":[{"embeddable":true,"href":"https:\/\/www.egemtv.com\/index.php?rest_route=\/wp\/v2\/users\/1"}],"replies":[{"embeddable":true,"href":"https:\/\/www.egemtv.com\/index.php?rest_route=%2Fwp%2Fv2%2Fcomments&post=36908"}],"version-history":[{"count":1,"href":"https:\/\/www.egemtv.com\/index.php?rest_route=\/wp\/v2\/posts\/36908\/revisions"}],"predecessor-version":[{"id":36910,"href":"https:\/\/www.egemtv.com\/index.php?rest_route=\/wp\/v2\/posts\/36908\/revisions\/36910"}],"wp:featuredmedia":[{"embeddable":true,"href":"https:\/\/www.egemtv.com\/index.php?rest_route=\/wp\/v2\/media\/36909"}],"wp:attachment":[{"href":"https:\/\/www.egemtv.com\/index.php?rest_route=%2Fwp%2Fv2%2Fmedia&parent=36908"}],"wp:term":[{"taxonomy":"category","embeddable":true,"href":"https:\/\/www.egemtv.com\/index.php?rest_route=%2Fwp%2Fv2%2Fcategories&post=36908"},{"taxonomy":"post_tag","embeddable":true,"href":"https:\/\/www.egemtv.com\/index.php?rest_route=%2Fwp%2Fv2%2Ftags&post=36908"}],"curies":[{"name":"wp","href":"https:\/\/api.w.org\/{rel}","templated":true}]}}