{"id":36905,"date":"2025-06-22T07:34:35","date_gmt":"2025-06-22T04:34:35","guid":{"rendered":"https:\/\/www.egemtv.com\/?p=36905"},"modified":"2025-06-22T07:34:39","modified_gmt":"2025-06-22T04:34:39","slug":"kendisinden-haber-alinamayan-adam-evinde-olu-bulundu","status":"publish","type":"post","link":"https:\/\/www.egemtv.com\/?p=36905","title":{"rendered":"Kendisinden haber al\u0131namayan adam evinde \u00f6l\u00fc bulundu"},"content":{"rendered":"<p>Denizli\u2019de bir s\u00fcredir kendisinden haber al\u0131namayan adam ailesi taraf\u0131ndan evinde \u00f6l\u00fc bulundu.<\/p>\n<p>Olay, Merkezefendi il\u00e7esi Karahasanl\u0131 Mahallesi\u2019nde meydana geldi. Edinilen bilgilere g\u00f6re; bir s\u00fcredir kendisinden haber al\u0131namayan Yunus Ya\u011f\u00e7\u0131, (34) oturdu\u011fu yere giden ailesi taraf\u0131ndan hareketsiz \u015fekilde buldu. Durum 112 Acil \u00c7a\u011fr\u0131 Merkezine bildirildi. \u0130hbar \u00fczerine b\u00f6lgeye polis ve sa\u011fl\u0131k ekipleri sevk edildi.<\/p>\n<p>Olay yerine gelen sa\u011fl\u0131k ekiplerinin kontrollerinin ard\u0131ndan Yunus Ya\u011f\u00e7\u0131\u2019n\u0131n hayat\u0131n\u0131 kaybetti\u011fi belirlendi. Yunus Ya\u011f\u00e7\u0131\u2019n\u0131n cans\u0131z bedeni otopsi yap\u0131lmak \u00fczere Adli T\u0131p Kurumu Ba\u015fkanl\u0131\u011f\u0131 morguna kald\u0131r\u0131ld\u0131. Olayla ilgili soru\u015fturma ba\u015flat\u0131ld\u0131.<br \/><\/p>\n","protected":false},"excerpt":{"rendered":"<p>Denizli\u2019de bir s\u00fcredir kendisinden haber al\u0131namayan adam ailesi taraf\u0131ndan evinde \u00f6l\u00fc bulundu. Olay, Merkezefendi il\u00e7esi Karahasanl\u0131 Mahallesi\u2019nde meydana geldi. Edinilen bilgilere g\u00f6re; bir s\u00fcredir kendisinden haber al\u0131namayan Yunus Ya\u011f\u00e7\u0131, (34) oturdu\u011fu yere giden ailesi taraf\u0131ndan hareketsiz \u015fekilde buldu. Durum 112 Acil \u00c7a\u011fr\u0131 Merkezine bildirildi. \u0130hbar \u00fczerine b\u00f6lgeye polis ve sa\u011fl\u0131k ekipleri sevk edildi. Olay yerine&#8230;<\/p>\n","protected":false},"author":1,"featured_media":36906,"comment_status":"open","ping_status":"open","sticky":false,"template":"","format":"standard","meta":{"_crdt_document":"","footnotes":""},"categories":[5],"tags":[],"class_list":["post-36905","post","type-post","status-publish","format-standard","has-post-thumbnail","hentry","category-asayis"],"_links":{"self":[{"href":"https:\/\/www.egemtv.com\/index.php?rest_route=\/wp\/v2\/posts\/36905","targetHints":{"allow":["GET"]}}],"collection":[{"href":"https:\/\/www.egemtv.com\/index.php?rest_route=\/wp\/v2\/posts"}],"about":[{"href":"https:\/\/www.egemtv.com\/index.php?rest_route=\/wp\/v2\/types\/post"}],"author":[{"embeddable":true,"href":"https:\/\/www.egemtv.com\/index.php?rest_route=\/wp\/v2\/users\/1"}],"replies":[{"embeddable":true,"href":"https:\/\/www.egemtv.com\/index.php?rest_route=%2Fwp%2Fv2%2Fcomments&post=36905"}],"version-history":[{"count":1,"href":"https:\/\/www.egemtv.com\/index.php?rest_route=\/wp\/v2\/posts\/36905\/revisions"}],"predecessor-version":[{"id":36907,"href":"https:\/\/www.egemtv.com\/index.php?rest_route=\/wp\/v2\/posts\/36905\/revisions\/36907"}],"wp:featuredmedia":[{"embeddable":true,"href":"https:\/\/www.egemtv.com\/index.php?rest_route=\/wp\/v2\/media\/36906"}],"wp:attachment":[{"href":"https:\/\/www.egemtv.com\/index.php?rest_route=%2Fwp%2Fv2%2Fmedia&parent=36905"}],"wp:term":[{"taxonomy":"category","embeddable":true,"href":"https:\/\/www.egemtv.com\/index.php?rest_route=%2Fwp%2Fv2%2Fcategories&post=36905"},{"taxonomy":"post_tag","embeddable":true,"href":"https:\/\/www.egemtv.com\/index.php?rest_route=%2Fwp%2Fv2%2Ftags&post=36905"}],"curies":[{"name":"wp","href":"https:\/\/api.w.org\/{rel}","templated":true}]}}