{"id":36902,"date":"2025-06-22T00:54:52","date_gmt":"2025-06-21T21:54:52","guid":{"rendered":"https:\/\/www.egemtv.com\/?p=36902"},"modified":"2025-06-22T00:54:56","modified_gmt":"2025-06-21T21:54:56","slug":"aydindaki-yangini-sondurme-calismalarina-gece-goruslu-helikopterler-havadan-destek-veriyor","status":"publish","type":"post","link":"https:\/\/www.egemtv.com\/?p=36902","title":{"rendered":"Ayd\u0131n\u2019daki yang\u0131n\u0131 s\u00f6nd\u00fcrme \u00e7al\u0131\u015fmalar\u0131na gece g\u00f6r\u00fc\u015fl\u00fc helikopterler havadan destek veriyor"},"content":{"rendered":"<p>Ayd\u0131n\u2019\u0131n Efeler il\u00e7esi Savrandere mevkiinde tar\u0131m arazisinde ba\u015flayan ve ormanl\u0131k alana s\u0131\u00e7rayarak geni\u015f bir alana yay\u0131lan yang\u0131nda s\u00f6nd\u00fcrme \u00e7al\u0131\u015fmalar\u0131 havan\u0131n kararmas\u0131yla birlikte karadan devam ederken, b\u00f6lgeye sevk edilen 2 gece g\u00f6r\u00fc\u015fl\u00fc helikopter de gece boyunca \u00e7al\u0131\u015fmalara havadan destek verecek.<br \/>\n<br \/>Bug\u00fcn saat 15.00 s\u0131ralar\u0131nda Savrandere Mahallesi\u2019nde ilk belirlemelere g\u00f6re trafo patlamas\u0131 sonucu \u00e7\u0131kan yang\u0131n r\u00fczgar\u0131n \u015fiddeti ile geni\u015f bir alana yay\u0131ld\u0131. Tar\u0131m arazisinde ba\u015flay\u0131p ormanl\u0131k alana s\u0131\u00e7rayan yang\u0131n sebebiyle Bademli Mahallesi tedbir ama\u00e7l\u0131 tahliye edilirken, s\u00f6nd\u00fcrme \u00e7al\u0131\u015fmalar\u0131 g\u00fcn boyu havadan ve karadan devam etti. Havan\u0131n kararmas\u0131n\u0131n ard\u0131ndan bir s\u00fcre karadan devam eden s\u00f6nd\u00fcrme \u00e7al\u0131\u015fmalar\u0131na, b\u00f6lgeye sevk edilen 2 gece g\u00f6r\u00fc\u015fl\u00fc helikopter havadan destek vermeye ba\u015flad\u0131. B\u00f6lgedeki ekipler alevlere kar\u015f\u0131 b\u00fcy\u00fck bir m\u00fccadele verirken, gece g\u00f6r\u00fc\u015fl\u00fc helikopterler de \u00e7al\u0131\u015fmalara gece boyunca havdan destek verecek.<br \/>\n<br \/>Konu ile ilgili Orman Genel M\u00fcd\u00fcrl\u00fc\u011f\u00fc\u2019nden yap\u0131lan a\u00e7\u0131klamada &#8220;Ayd\u0131n\u2019\u0131n Efeler il\u00e7esindeki Savrandere Mahallesi\u2019nde g\u00fcnd\u00fcz saatlerinde orman d\u0131\u015f\u0131 alanda ba\u015flayan yang\u0131n i\u00e7in m\u00fccadelemiz devam ediyor. Karadan ve havadan gece g\u00fcnd\u00fcz demeden yang\u0131n\u0131 kontrol alt\u0131na almak i\u00e7in \u00e7al\u0131\u015f\u0131yoruz. Yang\u0131n\u0131 s\u00f6nd\u00fcrme \u00e7al\u0131\u015fmalar\u0131 devam ediyor. 2 helikopter, gece yang\u0131n s\u00f6nd\u00fcrme \u00e7al\u0131\u015fmalar\u0131na havadan destek veriyor&#8221; ifadeleri yer ald\u0131.<br \/><\/p>\n","protected":false},"excerpt":{"rendered":"<p>Ayd\u0131n\u2019\u0131n Efeler il\u00e7esi Savrandere mevkiinde tar\u0131m arazisinde ba\u015flayan ve ormanl\u0131k alana s\u0131\u00e7rayarak geni\u015f bir alana yay\u0131lan yang\u0131nda s\u00f6nd\u00fcrme \u00e7al\u0131\u015fmalar\u0131 havan\u0131n kararmas\u0131yla birlikte karadan devam ederken, b\u00f6lgeye sevk edilen 2 gece g\u00f6r\u00fc\u015fl\u00fc helikopter de gece boyunca \u00e7al\u0131\u015fmalara havadan destek verecek. Bug\u00fcn saat 15.00 s\u0131ralar\u0131nda Savrandere Mahallesi\u2019nde ilk belirlemelere g\u00f6re trafo patlamas\u0131 sonucu \u00e7\u0131kan yang\u0131n r\u00fczgar\u0131n \u015fiddeti&#8230;<\/p>\n","protected":false},"author":1,"featured_media":36903,"comment_status":"open","ping_status":"open","sticky":false,"template":"","format":"standard","meta":{"_crdt_document":"","footnotes":""},"categories":[5],"tags":[],"class_list":["post-36902","post","type-post","status-publish","format-standard","has-post-thumbnail","hentry","category-asayis"],"_links":{"self":[{"href":"https:\/\/www.egemtv.com\/index.php?rest_route=\/wp\/v2\/posts\/36902","targetHints":{"allow":["GET"]}}],"collection":[{"href":"https:\/\/www.egemtv.com\/index.php?rest_route=\/wp\/v2\/posts"}],"about":[{"href":"https:\/\/www.egemtv.com\/index.php?rest_route=\/wp\/v2\/types\/post"}],"author":[{"embeddable":true,"href":"https:\/\/www.egemtv.com\/index.php?rest_route=\/wp\/v2\/users\/1"}],"replies":[{"embeddable":true,"href":"https:\/\/www.egemtv.com\/index.php?rest_route=%2Fwp%2Fv2%2Fcomments&post=36902"}],"version-history":[{"count":1,"href":"https:\/\/www.egemtv.com\/index.php?rest_route=\/wp\/v2\/posts\/36902\/revisions"}],"predecessor-version":[{"id":36904,"href":"https:\/\/www.egemtv.com\/index.php?rest_route=\/wp\/v2\/posts\/36902\/revisions\/36904"}],"wp:featuredmedia":[{"embeddable":true,"href":"https:\/\/www.egemtv.com\/index.php?rest_route=\/wp\/v2\/media\/36903"}],"wp:attachment":[{"href":"https:\/\/www.egemtv.com\/index.php?rest_route=%2Fwp%2Fv2%2Fmedia&parent=36902"}],"wp:term":[{"taxonomy":"category","embeddable":true,"href":"https:\/\/www.egemtv.com\/index.php?rest_route=%2Fwp%2Fv2%2Fcategories&post=36902"},{"taxonomy":"post_tag","embeddable":true,"href":"https:\/\/www.egemtv.com\/index.php?rest_route=%2Fwp%2Fv2%2Ftags&post=36902"}],"curies":[{"name":"wp","href":"https:\/\/api.w.org\/{rel}","templated":true}]}}