{"id":36899,"date":"2025-06-22T00:54:47","date_gmt":"2025-06-21T21:54:47","guid":{"rendered":"https:\/\/www.egemtv.com\/?p=36899"},"modified":"2025-06-22T00:54:51","modified_gmt":"2025-06-21T21:54:51","slug":"akhisarli-bisikletciler-bursada-goz-doldurdu","status":"publish","type":"post","link":"https:\/\/www.egemtv.com\/?p=36899","title":{"rendered":"Akhisarl\u0131 bisiklet\u00e7iler Bursa\u2019da g\u00f6z doldurdu"},"content":{"rendered":"<p>Bursa\u2019n\u0131n Nil\u00fcfer il\u00e7esinde 21 Haziran 2025 tarihinde d\u00fczenlenen Fehmi K\u00fcrk\u00e7\u00fc 1. B\u00f6lge Nil\u00fcfer Belediyesi B\u00f6lgesel Da\u011f Bisikleti \u015eampiyonas\u0131\u2019nda, Akhisar \u0130l\u00e7e Spor Kul\u00fcb\u00fc sporcular\u0131 \u00f6nemli ba\u015far\u0131lara imza att\u0131.<br \/>\n<br \/>\u015eampiyonada zorlu parkurlarda ter d\u00f6ken gen\u00e7 sporcular, farkl\u0131 ya\u015f kategorilerinde elde ettikleri derecelerle Akhisar\u2019\u0131 ba\u015far\u0131yla temsil etti.<br \/>\n<br \/>U11 Erkekler Kategorisi: Deniz Atlas Tekin 3\u2019\u00fcnc\u00fc, U11 Kad\u0131nlar Kategorisi: Bu\u011flem Ayd\u0131ner 2\u2019nci, Zeynep \u015eahin 3\u2019\u00fcnc\u00fc, U13 Kad\u0131nlar Kategorisi: Meryem Karata\u015f 1\u2019inci, Emine Bahar Gencer 2\u2019nci, Defne Demirezen 3\u2019\u00fcnc\u00fc, U15 Kad\u0131nlar Kategorisi: \u0130lknur Bu\u011flem Karata\u015f 1\u2019inci olarak b\u00fcy\u00fck bir ba\u015far\u0131ya imza att\u0131.<br \/>\n<br \/>Yar\u0131\u015flar sonras\u0131 a\u00e7\u0131klamalarda bulunan Kul\u00fcp Ba\u015fkan\u0131 ve ayn\u0131 zamanda Akhisar Gen\u00e7lik ve Spor \u0130l\u00e7e M\u00fcd\u00fcr\u00fc Hasan H\u00fcseyin Oktay, sporcular\u0131 tebrik ederek, bu ba\u015far\u0131lar\u0131n gelecek i\u00e7in umut verici oldu\u011funu belirtti. Oktay, ayr\u0131ca desteklerinden dolay\u0131 sponsorluk sa\u011flayan Alhato\u011flu Zeytinya\u011flar\u0131 ve i\u015f insan\u0131 Alper Alhat\u2019a te\u015fekk\u00fcr etti.<br \/><\/p>\n","protected":false},"excerpt":{"rendered":"<p>Bursa\u2019n\u0131n Nil\u00fcfer il\u00e7esinde 21 Haziran 2025 tarihinde d\u00fczenlenen Fehmi K\u00fcrk\u00e7\u00fc 1. B\u00f6lge Nil\u00fcfer Belediyesi B\u00f6lgesel Da\u011f Bisikleti \u015eampiyonas\u0131\u2019nda, Akhisar \u0130l\u00e7e Spor Kul\u00fcb\u00fc sporcular\u0131 \u00f6nemli ba\u015far\u0131lara imza att\u0131. \u015eampiyonada zorlu parkurlarda ter d\u00f6ken gen\u00e7 sporcular, farkl\u0131 ya\u015f kategorilerinde elde ettikleri derecelerle Akhisar\u2019\u0131 ba\u015far\u0131yla temsil etti. U11 Erkekler Kategorisi: Deniz Atlas Tekin 3\u2019\u00fcnc\u00fc, U11 Kad\u0131nlar Kategorisi: Bu\u011flem&#8230;<\/p>\n","protected":false},"author":1,"featured_media":36900,"comment_status":"open","ping_status":"open","sticky":false,"template":"","format":"standard","meta":{"_crdt_document":"","footnotes":""},"categories":[4],"tags":[],"class_list":["post-36899","post","type-post","status-publish","format-standard","has-post-thumbnail","hentry","category-spor"],"_links":{"self":[{"href":"https:\/\/www.egemtv.com\/index.php?rest_route=\/wp\/v2\/posts\/36899","targetHints":{"allow":["GET"]}}],"collection":[{"href":"https:\/\/www.egemtv.com\/index.php?rest_route=\/wp\/v2\/posts"}],"about":[{"href":"https:\/\/www.egemtv.com\/index.php?rest_route=\/wp\/v2\/types\/post"}],"author":[{"embeddable":true,"href":"https:\/\/www.egemtv.com\/index.php?rest_route=\/wp\/v2\/users\/1"}],"replies":[{"embeddable":true,"href":"https:\/\/www.egemtv.com\/index.php?rest_route=%2Fwp%2Fv2%2Fcomments&post=36899"}],"version-history":[{"count":1,"href":"https:\/\/www.egemtv.com\/index.php?rest_route=\/wp\/v2\/posts\/36899\/revisions"}],"predecessor-version":[{"id":36901,"href":"https:\/\/www.egemtv.com\/index.php?rest_route=\/wp\/v2\/posts\/36899\/revisions\/36901"}],"wp:featuredmedia":[{"embeddable":true,"href":"https:\/\/www.egemtv.com\/index.php?rest_route=\/wp\/v2\/media\/36900"}],"wp:attachment":[{"href":"https:\/\/www.egemtv.com\/index.php?rest_route=%2Fwp%2Fv2%2Fmedia&parent=36899"}],"wp:term":[{"taxonomy":"category","embeddable":true,"href":"https:\/\/www.egemtv.com\/index.php?rest_route=%2Fwp%2Fv2%2Fcategories&post=36899"},{"taxonomy":"post_tag","embeddable":true,"href":"https:\/\/www.egemtv.com\/index.php?rest_route=%2Fwp%2Fv2%2Ftags&post=36899"}],"curies":[{"name":"wp","href":"https:\/\/api.w.org\/{rel}","templated":true}]}}