{"id":36896,"date":"2025-06-21T23:57:06","date_gmt":"2025-06-21T20:57:06","guid":{"rendered":"https:\/\/www.egemtv.com\/?p=36896"},"modified":"2025-06-21T23:57:08","modified_gmt":"2025-06-21T20:57:08","slug":"manisadaki-orman-yanginina-mudahale-tum-hiziyla-devam-ediyor","status":"publish","type":"post","link":"https:\/\/www.egemtv.com\/?p=36896","title":{"rendered":"Manisa\u2019daki orman yang\u0131n\u0131na m\u00fcdahale t\u00fcm h\u0131z\u0131yla devam ediyor"},"content":{"rendered":"<p>Manisa\u2019n\u0131n K\u0131rka\u011fa\u00e7 il\u00e7esinde ormanl\u0131k alanda \u00e7\u0131kan yang\u0131na havadan ve karadan m\u00fcdahale s\u00fcr\u00fcyor.<br \/>\n<br \/>Gelenbe Mahallesi\u2019nde, saat 18.30 s\u0131ralar\u0131nda ormanl\u0131k alanda yang\u0131n \u00e7\u0131kt\u0131. Tar\u0131m ve Orman Bakanl\u0131\u011f\u0131 koordinasyonunda, Manisa Valili\u011fi \u00f6nc\u00fcl\u00fc\u011f\u00fcnde yerel kurum ve kurulu\u015flar\u0131n da seferber edildi\u011fi \u00f6\u011frenildi.<br \/>\n<br \/>Yang\u0131na 10 hava arac\u0131, 33 s\u00f6nd\u00fcrme ekibi, 18 su tankeri, 8 i\u015f makinas\u0131, 1 ambulans, 2 teknik ekip ve toplam 164 personelle m\u00fcdahaleye devam ediyor. Yang\u0131n\u0131n kontrol alt\u0131na al\u0131nmas\u0131 i\u00e7in sahada yo\u011fun bir \u00e7al\u0131\u015fma y\u00fcr\u00fct\u00fcl\u00fcrken, ekiplerin koordinesinin de Valilik taraf\u0131ndan yak\u0131ndan takip edildi\u011fi \u00f6\u011frenildi.<br \/>\n<br \/>Yetkililer, yang\u0131n riski ta\u015f\u0131yan d\u00f6nemlerde t\u00fcm vatanda\u015flar\u0131n daha dikkatli ve tedbirli olmalar\u0131 gerekti\u011fini belirtti.<br \/><\/p>\n","protected":false},"excerpt":{"rendered":"<p>Manisa\u2019n\u0131n K\u0131rka\u011fa\u00e7 il\u00e7esinde ormanl\u0131k alanda \u00e7\u0131kan yang\u0131na havadan ve karadan m\u00fcdahale s\u00fcr\u00fcyor. Gelenbe Mahallesi\u2019nde, saat 18.30 s\u0131ralar\u0131nda ormanl\u0131k alanda yang\u0131n \u00e7\u0131kt\u0131. Tar\u0131m ve Orman Bakanl\u0131\u011f\u0131 koordinasyonunda, Manisa Valili\u011fi \u00f6nc\u00fcl\u00fc\u011f\u00fcnde yerel kurum ve kurulu\u015flar\u0131n da seferber edildi\u011fi \u00f6\u011frenildi. Yang\u0131na 10 hava arac\u0131, 33 s\u00f6nd\u00fcrme ekibi, 18 su tankeri, 8 i\u015f makinas\u0131, 1 ambulans, 2 teknik ekip&#8230;<\/p>\n","protected":false},"author":1,"featured_media":36897,"comment_status":"open","ping_status":"open","sticky":false,"template":"","format":"standard","meta":{"_crdt_document":"","footnotes":""},"categories":[5],"tags":[],"class_list":["post-36896","post","type-post","status-publish","format-standard","has-post-thumbnail","hentry","category-asayis"],"_links":{"self":[{"href":"https:\/\/www.egemtv.com\/index.php?rest_route=\/wp\/v2\/posts\/36896","targetHints":{"allow":["GET"]}}],"collection":[{"href":"https:\/\/www.egemtv.com\/index.php?rest_route=\/wp\/v2\/posts"}],"about":[{"href":"https:\/\/www.egemtv.com\/index.php?rest_route=\/wp\/v2\/types\/post"}],"author":[{"embeddable":true,"href":"https:\/\/www.egemtv.com\/index.php?rest_route=\/wp\/v2\/users\/1"}],"replies":[{"embeddable":true,"href":"https:\/\/www.egemtv.com\/index.php?rest_route=%2Fwp%2Fv2%2Fcomments&post=36896"}],"version-history":[{"count":1,"href":"https:\/\/www.egemtv.com\/index.php?rest_route=\/wp\/v2\/posts\/36896\/revisions"}],"predecessor-version":[{"id":36898,"href":"https:\/\/www.egemtv.com\/index.php?rest_route=\/wp\/v2\/posts\/36896\/revisions\/36898"}],"wp:featuredmedia":[{"embeddable":true,"href":"https:\/\/www.egemtv.com\/index.php?rest_route=\/wp\/v2\/media\/36897"}],"wp:attachment":[{"href":"https:\/\/www.egemtv.com\/index.php?rest_route=%2Fwp%2Fv2%2Fmedia&parent=36896"}],"wp:term":[{"taxonomy":"category","embeddable":true,"href":"https:\/\/www.egemtv.com\/index.php?rest_route=%2Fwp%2Fv2%2Fcategories&post=36896"},{"taxonomy":"post_tag","embeddable":true,"href":"https:\/\/www.egemtv.com\/index.php?rest_route=%2Fwp%2Fv2%2Ftags&post=36896"}],"curies":[{"name":"wp","href":"https:\/\/api.w.org\/{rel}","templated":true}]}}