{"id":36893,"date":"2025-06-21T22:36:32","date_gmt":"2025-06-21T19:36:32","guid":{"rendered":"https:\/\/www.egemtv.com\/?p=36893"},"modified":"2025-06-21T22:36:35","modified_gmt":"2025-06-21T19:36:35","slug":"balkona-cikip-kendini-bosluga-birakan-kadin-agir-yaralandi","status":"publish","type":"post","link":"https:\/\/www.egemtv.com\/?p=36893","title":{"rendered":"Balkona \u00e7\u0131k\u0131p kendini bo\u015flu\u011fa b\u0131rakan kad\u0131n a\u011f\u0131r yaraland\u0131"},"content":{"rendered":"<p>Ayd\u0131n Efeler il\u00e7esinde bir binan\u0131n 4. kat\u0131ndan kendini bo\u015flu\u011fa b\u0131rakan kad\u0131n a\u011f\u0131r yaraland\u0131.<br \/>\n<br \/>Olay, saat 18.30 s\u0131ralar\u0131nda Adnan Menderes Mahallesi\u2019nde meydana geldi. Bilinmeyen bir nedenden dolay\u0131 bunal\u0131ma girdi\u011fi \u00f6\u011frenilen gen\u00e7 bir kad\u0131n, apartman\u0131n 3. kat\u0131ndaki evin balkonuna \u00e7\u0131kt\u0131. Kad\u0131n\u0131n durumunu be\u011fenmeyen \u00e7evre sakinleri bir yandan 112 Acil \u00c7a\u011fr\u0131 Merkez\u2019inden yard\u0131m isterken di\u011fer yandan da gen\u00e7 kad\u0131n\u0131 ikna etmeye \u00e7al\u0131\u015ft\u0131. Bu s\u0131rada hi\u00e7 kimseye ald\u0131r\u0131\u015f etmeyen gen\u00e7 kad\u0131n, balkon demirlerini a\u015farak kendisini bo\u015flu\u011fa b\u0131rakt\u0131.<br \/>\n<br \/>Gen\u00e7 kad\u0131n\u0131n apartman\u0131n 3. kat\u0131ndan kendini bo\u015flu\u011fa b\u0131rakt\u0131\u011f\u0131 anlar kameraya yans\u0131d\u0131. Gen\u00e7 kad\u0131n\u0131n beton zemine \u00e7ak\u0131ld\u0131\u011f\u0131n\u0131 g\u00f6renler sinir krizi ge\u00e7irirken, a\u011f\u0131r yaral\u0131 olarak hastaneye kald\u0131r\u0131lan kad\u0131n\u0131n tedavi alt\u0131na al\u0131nd\u0131\u011f\u0131 \u00f6\u011frenildi.<br \/><\/p>\n","protected":false},"excerpt":{"rendered":"<p>Ayd\u0131n Efeler il\u00e7esinde bir binan\u0131n 4. kat\u0131ndan kendini bo\u015flu\u011fa b\u0131rakan kad\u0131n a\u011f\u0131r yaraland\u0131. Olay, saat 18.30 s\u0131ralar\u0131nda Adnan Menderes Mahallesi\u2019nde meydana geldi. Bilinmeyen bir nedenden dolay\u0131 bunal\u0131ma girdi\u011fi \u00f6\u011frenilen gen\u00e7 bir kad\u0131n, apartman\u0131n 3. kat\u0131ndaki evin balkonuna \u00e7\u0131kt\u0131. Kad\u0131n\u0131n durumunu be\u011fenmeyen \u00e7evre sakinleri bir yandan 112 Acil \u00c7a\u011fr\u0131 Merkez\u2019inden yard\u0131m isterken di\u011fer yandan da gen\u00e7&#8230;<\/p>\n","protected":false},"author":1,"featured_media":36894,"comment_status":"open","ping_status":"open","sticky":false,"template":"","format":"standard","meta":{"_crdt_document":"","footnotes":""},"categories":[5],"tags":[],"class_list":["post-36893","post","type-post","status-publish","format-standard","has-post-thumbnail","hentry","category-asayis"],"_links":{"self":[{"href":"https:\/\/www.egemtv.com\/index.php?rest_route=\/wp\/v2\/posts\/36893","targetHints":{"allow":["GET"]}}],"collection":[{"href":"https:\/\/www.egemtv.com\/index.php?rest_route=\/wp\/v2\/posts"}],"about":[{"href":"https:\/\/www.egemtv.com\/index.php?rest_route=\/wp\/v2\/types\/post"}],"author":[{"embeddable":true,"href":"https:\/\/www.egemtv.com\/index.php?rest_route=\/wp\/v2\/users\/1"}],"replies":[{"embeddable":true,"href":"https:\/\/www.egemtv.com\/index.php?rest_route=%2Fwp%2Fv2%2Fcomments&post=36893"}],"version-history":[{"count":1,"href":"https:\/\/www.egemtv.com\/index.php?rest_route=\/wp\/v2\/posts\/36893\/revisions"}],"predecessor-version":[{"id":36895,"href":"https:\/\/www.egemtv.com\/index.php?rest_route=\/wp\/v2\/posts\/36893\/revisions\/36895"}],"wp:featuredmedia":[{"embeddable":true,"href":"https:\/\/www.egemtv.com\/index.php?rest_route=\/wp\/v2\/media\/36894"}],"wp:attachment":[{"href":"https:\/\/www.egemtv.com\/index.php?rest_route=%2Fwp%2Fv2%2Fmedia&parent=36893"}],"wp:term":[{"taxonomy":"category","embeddable":true,"href":"https:\/\/www.egemtv.com\/index.php?rest_route=%2Fwp%2Fv2%2Fcategories&post=36893"},{"taxonomy":"post_tag","embeddable":true,"href":"https:\/\/www.egemtv.com\/index.php?rest_route=%2Fwp%2Fv2%2Ftags&post=36893"}],"curies":[{"name":"wp","href":"https:\/\/api.w.org\/{rel}","templated":true}]}}