{"id":36890,"date":"2025-06-21T22:36:28","date_gmt":"2025-06-21T19:36:28","guid":{"rendered":"https:\/\/www.egemtv.com\/?p=36890"},"modified":"2025-06-21T22:36:32","modified_gmt":"2025-06-21T19:36:32","slug":"okulun-son-gunu-ogretmenler-yumruklu-kavga-etti","status":"publish","type":"post","link":"https:\/\/www.egemtv.com\/?p=36890","title":{"rendered":"Okulun son g\u00fcn\u00fc \u00f6\u011fretmenler yumruklu kavga etti"},"content":{"rendered":"<p>Denizli \u00c7ivril\u2019de okulda g\u00f6revli iki \u00f6\u011fretmen yumruk yumru\u011fa kavga etti. Kavgada bir \u00f6\u011fretmen ambulansla hastaneye kald\u0131r\u0131ld\u0131.<br \/>\n<br \/>\u00c7ivril\u2019de meydana gelen \u00fcz\u00fcc\u00fc olayda iki \u00f6\u011fretmen kavga etti. Kavgada meslekta\u015f\u0131n\u0131n sald\u0131r\u0131s\u0131na u\u011frayan bir \u00f6\u011fretmen burnundan yaraland\u0131. Olay\u0131n ard\u0131ndan polis kavgaya kar\u0131\u015fan \u00f6\u011fretmeni ifadesini almak \u00fczere polis merkezine g\u00f6t\u00fcrd\u00fc.<br \/>\n<br \/>Edinilen bilgiye g\u00f6re \u00c7ivril Emine \u00d6zcan Anadolu lisesinde g\u00f6rev yapan iki \u00f6\u011fretmen kavga etti. Okulda g\u00f6revli \u0130ngilizce \u00f6\u011fretmeni B.K., hakk\u0131nda a\u00e7\u0131lan bir soru\u015fturmada g\u00f6r\u00fc\u015f\u00fcne ba\u015fvurulan okul \u00f6\u011fretmenlerinden M.S.\u2019a sald\u0131rd\u0131. Kavgan\u0131n b\u00fcy\u00fcmesi \u00fczerine di\u011fer \u00f6\u011fretmenler araya girerek kavgay\u0131 ay\u0131rd\u0131. Kavgada y\u00fcz\u00fcne darbe alan M.S. okula sevk edilen sa\u011fl\u0131k ekipleri taraf\u0131ndan \u00c7ivril Devlet Hastanesine g\u00f6t\u00fcr\u00fclerek tedavi alt\u0131na ald\u0131.<br \/>\n<br \/>Kavga sonras\u0131 okula gelen polis ekipleri kavgaya kar\u0131\u015fan B.K. ifadesine ba\u015fvurmak \u00fczere polis merkezine g\u00f6t\u00fcrd\u00fc.<br \/>\n<br \/>Kavgan\u0131n B.K. hakk\u0131nda a\u00e7\u0131lan soru\u015fturma ile ilgili oldu\u011fu B.K. n\u0131n okulda ba\u015fka bir meslekta\u015f\u0131 ile farkl\u0131 bir konu y\u00fcz\u00fcnden tart\u0131\u015ft\u0131\u011f\u0131 i\u00e7in soru\u015fturma ge\u00e7irdi\u011fi ve soru\u015fturma karar\u0131n\u0131 \u00f6\u011frenmesinden sonra \u00f6\u011fretmenler odas\u0131nda meslekta\u015flar\u0131na sald\u0131rd\u0131\u011f\u0131 \u00f6\u011frenildi.<br \/><\/p>\n","protected":false},"excerpt":{"rendered":"<p>Denizli \u00c7ivril\u2019de okulda g\u00f6revli iki \u00f6\u011fretmen yumruk yumru\u011fa kavga etti. Kavgada bir \u00f6\u011fretmen ambulansla hastaneye kald\u0131r\u0131ld\u0131. \u00c7ivril\u2019de meydana gelen \u00fcz\u00fcc\u00fc olayda iki \u00f6\u011fretmen kavga etti. Kavgada meslekta\u015f\u0131n\u0131n sald\u0131r\u0131s\u0131na u\u011frayan bir \u00f6\u011fretmen burnundan yaraland\u0131. Olay\u0131n ard\u0131ndan polis kavgaya kar\u0131\u015fan \u00f6\u011fretmeni ifadesini almak \u00fczere polis merkezine g\u00f6t\u00fcrd\u00fc. Edinilen bilgiye g\u00f6re \u00c7ivril Emine \u00d6zcan Anadolu lisesinde g\u00f6rev yapan&#8230;<\/p>\n","protected":false},"author":1,"featured_media":36891,"comment_status":"open","ping_status":"open","sticky":false,"template":"","format":"standard","meta":{"_crdt_document":"","footnotes":""},"categories":[5],"tags":[],"class_list":["post-36890","post","type-post","status-publish","format-standard","has-post-thumbnail","hentry","category-asayis"],"_links":{"self":[{"href":"https:\/\/www.egemtv.com\/index.php?rest_route=\/wp\/v2\/posts\/36890","targetHints":{"allow":["GET"]}}],"collection":[{"href":"https:\/\/www.egemtv.com\/index.php?rest_route=\/wp\/v2\/posts"}],"about":[{"href":"https:\/\/www.egemtv.com\/index.php?rest_route=\/wp\/v2\/types\/post"}],"author":[{"embeddable":true,"href":"https:\/\/www.egemtv.com\/index.php?rest_route=\/wp\/v2\/users\/1"}],"replies":[{"embeddable":true,"href":"https:\/\/www.egemtv.com\/index.php?rest_route=%2Fwp%2Fv2%2Fcomments&post=36890"}],"version-history":[{"count":1,"href":"https:\/\/www.egemtv.com\/index.php?rest_route=\/wp\/v2\/posts\/36890\/revisions"}],"predecessor-version":[{"id":36892,"href":"https:\/\/www.egemtv.com\/index.php?rest_route=\/wp\/v2\/posts\/36890\/revisions\/36892"}],"wp:featuredmedia":[{"embeddable":true,"href":"https:\/\/www.egemtv.com\/index.php?rest_route=\/wp\/v2\/media\/36891"}],"wp:attachment":[{"href":"https:\/\/www.egemtv.com\/index.php?rest_route=%2Fwp%2Fv2%2Fmedia&parent=36890"}],"wp:term":[{"taxonomy":"category","embeddable":true,"href":"https:\/\/www.egemtv.com\/index.php?rest_route=%2Fwp%2Fv2%2Fcategories&post=36890"},{"taxonomy":"post_tag","embeddable":true,"href":"https:\/\/www.egemtv.com\/index.php?rest_route=%2Fwp%2Fv2%2Ftags&post=36890"}],"curies":[{"name":"wp","href":"https:\/\/api.w.org\/{rel}","templated":true}]}}