{"id":36887,"date":"2025-06-21T22:36:24","date_gmt":"2025-06-21T19:36:24","guid":{"rendered":"https:\/\/www.egemtv.com\/?p=36887"},"modified":"2025-06-21T22:36:27","modified_gmt":"2025-06-21T19:36:27","slug":"mentesede-trafik-kazasi-6-yarali","status":"publish","type":"post","link":"https:\/\/www.egemtv.com\/?p=36887","title":{"rendered":"Mente\u015fe\u2019de trafik kazas\u0131: 6 yaral\u0131"},"content":{"rendered":"<p>Mu\u011fla\u2019n\u0131n Mente\u015fe il\u00e7esinde meydana gelen trafik kazas\u0131nda 6 ki\u015fi yaraland\u0131. Mu\u011fla-Denizli karayolu \u00fczerinde ger\u00e7ekle\u015fen kazada iki kamyonetin \u00e7arp\u0131\u015fmas\u0131 sonucu ara\u00e7ta s\u0131k\u0131\u015fan bir ki\u015fi itfaiye ekiplerince kurtar\u0131ld\u0131.<br \/>\n<br \/>Kaza, Mente\u015fe il\u00e7esine ba\u011fl\u0131 K\u00f6tekli Mahallesi Mu\u011fla-Denizli karayolu \u00fczerinde meydana geldi. Edinilen bilgiye g\u00f6re, seyir halinde olan 20 KA 970 plakal\u0131 kamyonet ile 48 YM 412 plakal\u0131 ba\u015fka bir kamyonet hen\u00fcz bilinmeyen bir nedenle \u00e7arp\u0131\u015ft\u0131.<br \/>\n<br \/>Kazay\u0131 g\u00f6ren \u00e7evredeki vatanda\u015flar\u0131n 112 Acil \u00c7a\u011fr\u0131 Merkezine bilgi vermesi \u00fczerine b\u00f6lgeye sa\u011fl\u0131k, polis ve Mu\u011fla B\u00fcy\u00fck\u015fehir Belediyesi \u0130tfaiye ekipleri sevk edildi.<br \/>\n<br \/>Olay yerine gelen itfaiye ekipleri, kazaya kar\u0131\u015fan ara\u00e7lardan birinde s\u0131k\u0131\u015fan bir ki\u015fiyi k\u0131sa s\u00fcrede kurtararak sa\u011fl\u0131k ekiplerine teslim etti. Kazada yaralanan 6 ki\u015fi, ilk m\u00fcdahalelerinin ard\u0131ndan ambulanslarla hastaneye kald\u0131r\u0131ld\u0131. Yaral\u0131lar\u0131n sa\u011fl\u0131k durumlar\u0131n\u0131n iyi oldu\u011fu \u00f6\u011frenildi.<br \/>\n<br \/>Polis ekipleri kaza yerinde g\u00fcvenlik \u00f6nlemleri al\u0131rken, olayla ilgili soru\u015fturma ba\u015flat\u0131ld\u0131.<br \/><\/p>\n","protected":false},"excerpt":{"rendered":"<p>Mu\u011fla\u2019n\u0131n Mente\u015fe il\u00e7esinde meydana gelen trafik kazas\u0131nda 6 ki\u015fi yaraland\u0131. Mu\u011fla-Denizli karayolu \u00fczerinde ger\u00e7ekle\u015fen kazada iki kamyonetin \u00e7arp\u0131\u015fmas\u0131 sonucu ara\u00e7ta s\u0131k\u0131\u015fan bir ki\u015fi itfaiye ekiplerince kurtar\u0131ld\u0131. Kaza, Mente\u015fe il\u00e7esine ba\u011fl\u0131 K\u00f6tekli Mahallesi Mu\u011fla-Denizli karayolu \u00fczerinde meydana geldi. Edinilen bilgiye g\u00f6re, seyir halinde olan 20 KA 970 plakal\u0131 kamyonet ile 48 YM 412 plakal\u0131 ba\u015fka bir&#8230;<\/p>\n","protected":false},"author":1,"featured_media":36888,"comment_status":"open","ping_status":"open","sticky":false,"template":"","format":"standard","meta":{"_crdt_document":"","footnotes":""},"categories":[5],"tags":[],"class_list":["post-36887","post","type-post","status-publish","format-standard","has-post-thumbnail","hentry","category-asayis"],"_links":{"self":[{"href":"https:\/\/www.egemtv.com\/index.php?rest_route=\/wp\/v2\/posts\/36887","targetHints":{"allow":["GET"]}}],"collection":[{"href":"https:\/\/www.egemtv.com\/index.php?rest_route=\/wp\/v2\/posts"}],"about":[{"href":"https:\/\/www.egemtv.com\/index.php?rest_route=\/wp\/v2\/types\/post"}],"author":[{"embeddable":true,"href":"https:\/\/www.egemtv.com\/index.php?rest_route=\/wp\/v2\/users\/1"}],"replies":[{"embeddable":true,"href":"https:\/\/www.egemtv.com\/index.php?rest_route=%2Fwp%2Fv2%2Fcomments&post=36887"}],"version-history":[{"count":1,"href":"https:\/\/www.egemtv.com\/index.php?rest_route=\/wp\/v2\/posts\/36887\/revisions"}],"predecessor-version":[{"id":36889,"href":"https:\/\/www.egemtv.com\/index.php?rest_route=\/wp\/v2\/posts\/36887\/revisions\/36889"}],"wp:featuredmedia":[{"embeddable":true,"href":"https:\/\/www.egemtv.com\/index.php?rest_route=\/wp\/v2\/media\/36888"}],"wp:attachment":[{"href":"https:\/\/www.egemtv.com\/index.php?rest_route=%2Fwp%2Fv2%2Fmedia&parent=36887"}],"wp:term":[{"taxonomy":"category","embeddable":true,"href":"https:\/\/www.egemtv.com\/index.php?rest_route=%2Fwp%2Fv2%2Fcategories&post=36887"},{"taxonomy":"post_tag","embeddable":true,"href":"https:\/\/www.egemtv.com\/index.php?rest_route=%2Fwp%2Fv2%2Ftags&post=36887"}],"curies":[{"name":"wp","href":"https:\/\/api.w.org\/{rel}","templated":true}]}}