{"id":36884,"date":"2025-06-21T22:14:50","date_gmt":"2025-06-21T19:14:50","guid":{"rendered":"https:\/\/www.egemtv.com\/?p=36884"},"modified":"2025-06-21T22:14:53","modified_gmt":"2025-06-21T19:14:53","slug":"marmariste-minibus-yandi-can-kaybi-ve-yarali-yok","status":"publish","type":"post","link":"https:\/\/www.egemtv.com\/?p=36884","title":{"rendered":"Marmaris\u2019te minib\u00fcs yand\u0131, can kayb\u0131 ve yaral\u0131 yok"},"content":{"rendered":"<p>Mu\u011fla\u2019n\u0131n Marmaris il\u00e7esinde turistleri ta\u015f\u0131yan bir servis minib\u00fcs\u00fc, motor k\u0131sm\u0131ndan alev ald\u0131. Olay, ak\u015fam saatlerinde Sar\u0131ana Mahallesi \u00fczerinde meydana geldi. Yang\u0131n s\u0131ras\u0131nda minib\u00fcste bulunan turistler g\u00fcvenli bir \u015fekilde tahliye edilirken, \u00e7evredeki vatanda\u015flar ve esnaf yang\u0131n t\u00fcpleriyle m\u00fcdahale etmeye \u00e7al\u0131\u015ft\u0131.<br \/>\n<br \/>112 Acil \u00c7a\u011fr\u0131 Merkezi\u2019ne yap\u0131lan ihbar\u0131n ard\u0131ndan olay yerine itfaiye, polis ve sa\u011fl\u0131k ekipleri sevk edildi. K\u0131sa s\u00fcrede kontrol alt\u0131na al\u0131nan yang\u0131nda yaralanan ya da hayat\u0131n\u0131 kaybeden olmad\u0131\u011f\u0131 bildirildi.<br \/>\n<br \/>Yang\u0131n\u0131n \u00e7\u0131k\u0131\u015f nedeniyle ilgili soru\u015fturma ba\u015flat\u0131ld\u0131.<\/p>\n","protected":false},"excerpt":{"rendered":"<p>Mu\u011fla\u2019n\u0131n Marmaris il\u00e7esinde turistleri ta\u015f\u0131yan bir servis minib\u00fcs\u00fc, motor k\u0131sm\u0131ndan alev ald\u0131. Olay, ak\u015fam saatlerinde Sar\u0131ana Mahallesi \u00fczerinde meydana geldi. Yang\u0131n s\u0131ras\u0131nda minib\u00fcste bulunan turistler g\u00fcvenli bir \u015fekilde tahliye edilirken, \u00e7evredeki vatanda\u015flar ve esnaf yang\u0131n t\u00fcpleriyle m\u00fcdahale etmeye \u00e7al\u0131\u015ft\u0131. 112 Acil \u00c7a\u011fr\u0131 Merkezi\u2019ne yap\u0131lan ihbar\u0131n ard\u0131ndan olay yerine itfaiye, polis ve sa\u011fl\u0131k ekipleri sevk edildi&#8230;.<\/p>\n","protected":false},"author":1,"featured_media":36885,"comment_status":"open","ping_status":"open","sticky":false,"template":"","format":"standard","meta":{"_crdt_document":"","footnotes":""},"categories":[5],"tags":[],"class_list":["post-36884","post","type-post","status-publish","format-standard","has-post-thumbnail","hentry","category-asayis"],"_links":{"self":[{"href":"https:\/\/www.egemtv.com\/index.php?rest_route=\/wp\/v2\/posts\/36884","targetHints":{"allow":["GET"]}}],"collection":[{"href":"https:\/\/www.egemtv.com\/index.php?rest_route=\/wp\/v2\/posts"}],"about":[{"href":"https:\/\/www.egemtv.com\/index.php?rest_route=\/wp\/v2\/types\/post"}],"author":[{"embeddable":true,"href":"https:\/\/www.egemtv.com\/index.php?rest_route=\/wp\/v2\/users\/1"}],"replies":[{"embeddable":true,"href":"https:\/\/www.egemtv.com\/index.php?rest_route=%2Fwp%2Fv2%2Fcomments&post=36884"}],"version-history":[{"count":1,"href":"https:\/\/www.egemtv.com\/index.php?rest_route=\/wp\/v2\/posts\/36884\/revisions"}],"predecessor-version":[{"id":36886,"href":"https:\/\/www.egemtv.com\/index.php?rest_route=\/wp\/v2\/posts\/36884\/revisions\/36886"}],"wp:featuredmedia":[{"embeddable":true,"href":"https:\/\/www.egemtv.com\/index.php?rest_route=\/wp\/v2\/media\/36885"}],"wp:attachment":[{"href":"https:\/\/www.egemtv.com\/index.php?rest_route=%2Fwp%2Fv2%2Fmedia&parent=36884"}],"wp:term":[{"taxonomy":"category","embeddable":true,"href":"https:\/\/www.egemtv.com\/index.php?rest_route=%2Fwp%2Fv2%2Fcategories&post=36884"},{"taxonomy":"post_tag","embeddable":true,"href":"https:\/\/www.egemtv.com\/index.php?rest_route=%2Fwp%2Fv2%2Ftags&post=36884"}],"curies":[{"name":"wp","href":"https:\/\/api.w.org\/{rel}","templated":true}]}}