{"id":36881,"date":"2025-06-21T22:14:45","date_gmt":"2025-06-21T19:14:45","guid":{"rendered":"https:\/\/www.egemtv.com\/?p=36881"},"modified":"2025-06-21T22:14:49","modified_gmt":"2025-06-21T19:14:49","slug":"marmariste-bir-kisinin-hayatini-kaybettigi-silahli-catismanin-ardindan-2-tutuklama","status":"publish","type":"post","link":"https:\/\/www.egemtv.com\/?p=36881","title":{"rendered":"Marmaris\u2019te bir ki\u015finin hayat\u0131n\u0131 kaybetti\u011fi silahl\u0131 \u00e7at\u0131\u015fman\u0131n ard\u0131ndan 2 tutuklama"},"content":{"rendered":"<p>Mu\u011fla\u2019n\u0131n Marmaris il\u00e7esinde \u00f6nceki g\u00fcn iki grup aras\u0131nda \u00e7\u0131kan silahl\u0131 \u00e7at\u0131\u015fmada bir ki\u015fi hayat\u0131n\u0131 kaybetmi\u015f, \u00e7at\u0131\u015fmaya giren \u015f\u00fcpheliler olay yerinden ka\u00e7m\u0131\u015ft\u0131. \u015e\u00fcphelilerden 2\u2019si yap\u0131lan operasyonla yakaland\u0131.<br \/>\n<br \/>Olay, 04.40 s\u0131ralar\u0131nda Marmaris Tepe Mahallesi 36. Sokak \u00fczerinde meydana geldi. Edinilen bilgiye g\u00f6re, iki grup aras\u0131nda hen\u00fcz belirlenemeyen bir nedenle silahl\u0131 \u00e7at\u0131\u015fma \u00e7\u0131kt\u0131. \u00c7at\u0131\u015fmada, taraflardan biri olan \u00c7a\u011flar Ko\u00e7 (27)  isimli \u015fah\u0131s ate\u015fli silahla a\u011f\u0131r \u015fekilde yaralanarak kald\u0131r\u0131ld\u0131\u011f\u0131 hastanede hayat\u0131n\u0131 kaybetmi\u015fti.<br \/>\n<br \/>Olay\u0131n ard\u0131ndan Marmaris il\u00e7e emniyet m\u00fcd\u00fcrl\u00fc\u011f\u00fcne ba\u011fl\u0131 Asayi\u015f b\u00fcro ekipleri b\u00f6lgedeki g\u00fcvenlik kameralar\u0131n\u0131 inceleyerek \u00e7at\u0131\u015fma an\u0131n\u0131 ve \u00e7at\u0131\u015fmaya kat\u0131lanlar\u0131 tespit etti, ka\u00e7an 2 \u015f\u00fcpheli E.S ve O. G d\u00fczenlenen operasyon ile yakalanarak g\u00f6zalt\u0131na al\u0131nd\u0131. Emniyette i\u015flemleri tamamlanan \u015f\u00fcpheliler Marmaris adliyesinde \u00e7\u0131kar\u0131ld\u0131klar\u0131 mahkemece tutuklu yarg\u0131lanmak \u00fczere cezaevine sevk edildi.<br \/>\n<br \/>Marmaris Cumhuriyet Ba\u015fsavc\u0131l\u0131\u011f\u0131 talimat\u0131 ile Polis ekipleri olayla ilgili \u00e7ok y\u00f6nl\u00fc soru\u015fturma devam ederken, \u015f\u00fcphelilerden bir ki\u015finin daha arama \u00e7al\u0131\u015fmalar\u0131n\u0131n s\u00fcrd\u00fc\u011f\u00fc bildirildi.<\/p>\n","protected":false},"excerpt":{"rendered":"<p>Mu\u011fla\u2019n\u0131n Marmaris il\u00e7esinde \u00f6nceki g\u00fcn iki grup aras\u0131nda \u00e7\u0131kan silahl\u0131 \u00e7at\u0131\u015fmada bir ki\u015fi hayat\u0131n\u0131 kaybetmi\u015f, \u00e7at\u0131\u015fmaya giren \u015f\u00fcpheliler olay yerinden ka\u00e7m\u0131\u015ft\u0131. \u015e\u00fcphelilerden 2\u2019si yap\u0131lan operasyonla yakaland\u0131. Olay, 04.40 s\u0131ralar\u0131nda Marmaris Tepe Mahallesi 36. Sokak \u00fczerinde meydana geldi. Edinilen bilgiye g\u00f6re, iki grup aras\u0131nda hen\u00fcz belirlenemeyen bir nedenle silahl\u0131 \u00e7at\u0131\u015fma \u00e7\u0131kt\u0131. \u00c7at\u0131\u015fmada, taraflardan biri olan \u00c7a\u011flar&#8230;<\/p>\n","protected":false},"author":1,"featured_media":36882,"comment_status":"open","ping_status":"open","sticky":false,"template":"","format":"standard","meta":{"_crdt_document":"","footnotes":""},"categories":[5],"tags":[],"class_list":["post-36881","post","type-post","status-publish","format-standard","has-post-thumbnail","hentry","category-asayis"],"_links":{"self":[{"href":"https:\/\/www.egemtv.com\/index.php?rest_route=\/wp\/v2\/posts\/36881","targetHints":{"allow":["GET"]}}],"collection":[{"href":"https:\/\/www.egemtv.com\/index.php?rest_route=\/wp\/v2\/posts"}],"about":[{"href":"https:\/\/www.egemtv.com\/index.php?rest_route=\/wp\/v2\/types\/post"}],"author":[{"embeddable":true,"href":"https:\/\/www.egemtv.com\/index.php?rest_route=\/wp\/v2\/users\/1"}],"replies":[{"embeddable":true,"href":"https:\/\/www.egemtv.com\/index.php?rest_route=%2Fwp%2Fv2%2Fcomments&post=36881"}],"version-history":[{"count":1,"href":"https:\/\/www.egemtv.com\/index.php?rest_route=\/wp\/v2\/posts\/36881\/revisions"}],"predecessor-version":[{"id":36883,"href":"https:\/\/www.egemtv.com\/index.php?rest_route=\/wp\/v2\/posts\/36881\/revisions\/36883"}],"wp:featuredmedia":[{"embeddable":true,"href":"https:\/\/www.egemtv.com\/index.php?rest_route=\/wp\/v2\/media\/36882"}],"wp:attachment":[{"href":"https:\/\/www.egemtv.com\/index.php?rest_route=%2Fwp%2Fv2%2Fmedia&parent=36881"}],"wp:term":[{"taxonomy":"category","embeddable":true,"href":"https:\/\/www.egemtv.com\/index.php?rest_route=%2Fwp%2Fv2%2Fcategories&post=36881"},{"taxonomy":"post_tag","embeddable":true,"href":"https:\/\/www.egemtv.com\/index.php?rest_route=%2Fwp%2Fv2%2Ftags&post=36881"}],"curies":[{"name":"wp","href":"https:\/\/api.w.org\/{rel}","templated":true}]}}