{"id":36878,"date":"2025-06-21T21:55:39","date_gmt":"2025-06-21T18:55:39","guid":{"rendered":"https:\/\/www.egemtv.com\/?p=36878"},"modified":"2025-06-21T21:55:43","modified_gmt":"2025-06-21T18:55:43","slug":"baskan-cercioglu-tum-kuruluslarla-organize-bir-sekilde-calisiyoruz","status":"publish","type":"post","link":"https:\/\/www.egemtv.com\/?p=36878","title":{"rendered":"Ba\u015fkan \u00c7er\u00e7io\u011flu: &#8220;T\u00fcm kurulu\u015flarla organize bir \u015fekilde \u00e7al\u0131\u015f\u0131yoruz&#8221;"},"content":{"rendered":"<p>Ayd\u0131n B\u00fcy\u00fck\u015fehir Belediye Ba\u015fkan\u0131 \u00d6zlem \u00c7er\u00e7io\u011flu, yang\u0131n b\u00f6lgesine gelerek devam eden s\u00f6nd\u00fcrme \u00e7al\u0131\u015fmalar\u0131 hakk\u0131nda bilgi ald\u0131.<\/p>\n<p>Bug\u00fcn saat 15.00 s\u0131ralar\u0131nda Savrandere Mahallesi\u2019nde ilk belirlemelere g\u00f6re trafo patlamas\u0131 sonucu \u00e7\u0131kan yang\u0131n r\u00fczgar\u0131n \u015fiddeti ile geni\u015f bir alana yay\u0131ld\u0131 Bademli Mahallesi tedbir ama\u00e7l\u0131 tahliye edildi. G\u00fcn boyu havadan ve karadan yap\u0131lan m\u00fcdahalelerle yang\u0131n\u0131n \u00f6n\u00fc kesilmeye \u00e7al\u0131\u015f\u0131ld\u0131. Ayd\u0131n B\u00fcy\u00fck\u015fehir Belediyesi ekipleri de yang\u0131n s\u00f6nd\u00fcrme ve tahliye \u00e7al\u0131\u015fmalar\u0131na destek verdi.<\/p>\n<p>B\u00f6lgeye gelen Ayd\u0131n B\u00fcy\u00fck\u015fehir Belediye Ba\u015fkan\u0131 \u00d6zlem \u00c7er\u00e7io\u011flu Yang\u0131n Kriz Merkezi\u2019nde devam eden \u00e7al\u0131\u015fmalar\u0131 yerinde inceledi. Ba\u015fkan \u00c7er\u00e7io\u011flu yapt\u0131\u011f\u0131 a\u00e7\u0131klamada, &#8220;T\u00fcm kurum ve kurulu\u015flar\u0131m\u0131zla birlikte organize bir \u015fekilde \u00e7al\u0131\u015f\u0131yoruz. Ekiplerimizin deste\u011fi ile in\u015fallah yang\u0131n\u0131 kontrol alt\u0131na alaca\u011f\u0131z. Eme\u011fi ge\u00e7en herkese te\u015fekk\u00fcr ediyoruz, \u00e7ok b\u00fcy\u00fck m\u00fccadele verdiler&#8221; diye konu\u015ftu.<br \/><\/p>\n","protected":false},"excerpt":{"rendered":"<p>Ayd\u0131n B\u00fcy\u00fck\u015fehir Belediye Ba\u015fkan\u0131 \u00d6zlem \u00c7er\u00e7io\u011flu, yang\u0131n b\u00f6lgesine gelerek devam eden s\u00f6nd\u00fcrme \u00e7al\u0131\u015fmalar\u0131 hakk\u0131nda bilgi ald\u0131. Bug\u00fcn saat 15.00 s\u0131ralar\u0131nda Savrandere Mahallesi\u2019nde ilk belirlemelere g\u00f6re trafo patlamas\u0131 sonucu \u00e7\u0131kan yang\u0131n r\u00fczgar\u0131n \u015fiddeti ile geni\u015f bir alana yay\u0131ld\u0131 Bademli Mahallesi tedbir ama\u00e7l\u0131 tahliye edildi. G\u00fcn boyu havadan ve karadan yap\u0131lan m\u00fcdahalelerle yang\u0131n\u0131n \u00f6n\u00fc kesilmeye \u00e7al\u0131\u015f\u0131ld\u0131. Ayd\u0131n&#8230;<\/p>\n","protected":false},"author":1,"featured_media":36879,"comment_status":"open","ping_status":"open","sticky":false,"template":"","format":"standard","meta":{"_crdt_document":"","footnotes":""},"categories":[1],"tags":[],"class_list":["post-36878","post","type-post","status-publish","format-standard","has-post-thumbnail","hentry","category-guncel"],"_links":{"self":[{"href":"https:\/\/www.egemtv.com\/index.php?rest_route=\/wp\/v2\/posts\/36878","targetHints":{"allow":["GET"]}}],"collection":[{"href":"https:\/\/www.egemtv.com\/index.php?rest_route=\/wp\/v2\/posts"}],"about":[{"href":"https:\/\/www.egemtv.com\/index.php?rest_route=\/wp\/v2\/types\/post"}],"author":[{"embeddable":true,"href":"https:\/\/www.egemtv.com\/index.php?rest_route=\/wp\/v2\/users\/1"}],"replies":[{"embeddable":true,"href":"https:\/\/www.egemtv.com\/index.php?rest_route=%2Fwp%2Fv2%2Fcomments&post=36878"}],"version-history":[{"count":1,"href":"https:\/\/www.egemtv.com\/index.php?rest_route=\/wp\/v2\/posts\/36878\/revisions"}],"predecessor-version":[{"id":36880,"href":"https:\/\/www.egemtv.com\/index.php?rest_route=\/wp\/v2\/posts\/36878\/revisions\/36880"}],"wp:featuredmedia":[{"embeddable":true,"href":"https:\/\/www.egemtv.com\/index.php?rest_route=\/wp\/v2\/media\/36879"}],"wp:attachment":[{"href":"https:\/\/www.egemtv.com\/index.php?rest_route=%2Fwp%2Fv2%2Fmedia&parent=36878"}],"wp:term":[{"taxonomy":"category","embeddable":true,"href":"https:\/\/www.egemtv.com\/index.php?rest_route=%2Fwp%2Fv2%2Fcategories&post=36878"},{"taxonomy":"post_tag","embeddable":true,"href":"https:\/\/www.egemtv.com\/index.php?rest_route=%2Fwp%2Fv2%2Ftags&post=36878"}],"curies":[{"name":"wp","href":"https:\/\/api.w.org\/{rel}","templated":true}]}}