{"id":36875,"date":"2025-06-21T21:55:34","date_gmt":"2025-06-21T18:55:34","guid":{"rendered":"https:\/\/www.egemtv.com\/?p=36875"},"modified":"2025-06-21T21:55:39","modified_gmt":"2025-06-21T18:55:39","slug":"iki-arac-kafa-kafaya-carpisti-1-olu-1-yarali","status":"publish","type":"post","link":"https:\/\/www.egemtv.com\/?p=36875","title":{"rendered":"\u0130ki ara\u00e7 kafa kafaya \u00e7arp\u0131\u015ft\u0131: 1 \u00f6l\u00fc 1 yaral\u0131"},"content":{"rendered":"<p>U\u015fak\u2019ta kar\u015f\u0131 \u015feride ge\u00e7erek iki arac\u0131n kafa kafaya \u00e7arp\u0131\u015fmas\u0131 sonucu 1 s\u00fcr\u00fcc\u00fc hayat\u0131n\u0131 kaybederken 1 s\u00fcr\u00fcc\u00fc ise yaraland\u0131.<br \/>\n<br \/>Kaza, Afyonkarahisar-U\u015fak karayolu Banaz il\u00e7esinde meydana geldi. Edinilen bilgilere g\u00f6re, Afyonkarahisar\u2019dan U\u015fak\u2019a seyir halinde olan S.D. (30) 10 AKV 051 plakal\u0131 pikap yolun kar\u015f\u0131 y\u00f6ne ge\u00e7erek Ali Av\u015far (42) y\u00f6netimindeki 43 AGY 671 plakal\u0131 otomobille kafa kaya \u00e7arp\u0131\u015ft\u0131. \u00c7arp\u0131\u015fman\u0131n etkisiyle ara\u00e7lar savruldu.<br \/>\n<br \/>\u00c7evredeki vatanda\u015flar\u0131n durumu 112 Acil \u00c7a\u011fr\u0131 Merkezi\u2019ne bildirmesi \u00fczerine olay yerine 112 Sa\u011fl\u0131k, polis ve itfaiye ekipleri sevk edildi. 112 Sa\u011fl\u0131k ekiplerince yap\u0131lan ilk incelemede otomobil s\u00fcr\u00fcc\u00fcs\u00fc Ali Av\u015far\u2019\u0131n hayat\u0131n\u0131 kaybetti\u011fi belirlendi. \u0130tfaiye ekiplerince pikap s\u00fcr\u00fcc\u00fcs\u00fc ile s\u0131k\u0131\u015ft\u0131\u011f\u0131 yerden \u00e7\u0131kart\u0131larak ambulansla U\u015fak E\u011fitim ve Ara\u015ft\u0131rma Hastanesi\u2019ne kald\u0131r\u0131ld\u0131.<br \/>\n<br \/>Olay yerinde yap\u0131lan incelemelerin ard\u0131ndan Av\u015far\u2019\u0131n cenazesi Banaz Devlet Hastanesi morguna kald\u0131r\u0131ld\u0131.<br \/>\n<br \/>\u00d6te yandan, kazayla ilgili inceleme ba\u015flat\u0131l\u0131rken pikap s\u00fcr\u00fcc\u00fcs\u00fcn\u00fcn sa\u011fl\u0131k durumunun iyi oldu\u011fu \u00f6\u011frenildi.<br \/><\/p>\n","protected":false},"excerpt":{"rendered":"<p>U\u015fak\u2019ta kar\u015f\u0131 \u015feride ge\u00e7erek iki arac\u0131n kafa kafaya \u00e7arp\u0131\u015fmas\u0131 sonucu 1 s\u00fcr\u00fcc\u00fc hayat\u0131n\u0131 kaybederken 1 s\u00fcr\u00fcc\u00fc ise yaraland\u0131. Kaza, Afyonkarahisar-U\u015fak karayolu Banaz il\u00e7esinde meydana geldi. Edinilen bilgilere g\u00f6re, Afyonkarahisar\u2019dan U\u015fak\u2019a seyir halinde olan S.D. (30) 10 AKV 051 plakal\u0131 pikap yolun kar\u015f\u0131 y\u00f6ne ge\u00e7erek Ali Av\u015far (42) y\u00f6netimindeki 43 AGY 671 plakal\u0131 otomobille kafa kaya&#8230;<\/p>\n","protected":false},"author":1,"featured_media":36876,"comment_status":"open","ping_status":"open","sticky":false,"template":"","format":"standard","meta":{"_crdt_document":"","footnotes":""},"categories":[5],"tags":[],"class_list":["post-36875","post","type-post","status-publish","format-standard","has-post-thumbnail","hentry","category-asayis"],"_links":{"self":[{"href":"https:\/\/www.egemtv.com\/index.php?rest_route=\/wp\/v2\/posts\/36875","targetHints":{"allow":["GET"]}}],"collection":[{"href":"https:\/\/www.egemtv.com\/index.php?rest_route=\/wp\/v2\/posts"}],"about":[{"href":"https:\/\/www.egemtv.com\/index.php?rest_route=\/wp\/v2\/types\/post"}],"author":[{"embeddable":true,"href":"https:\/\/www.egemtv.com\/index.php?rest_route=\/wp\/v2\/users\/1"}],"replies":[{"embeddable":true,"href":"https:\/\/www.egemtv.com\/index.php?rest_route=%2Fwp%2Fv2%2Fcomments&post=36875"}],"version-history":[{"count":1,"href":"https:\/\/www.egemtv.com\/index.php?rest_route=\/wp\/v2\/posts\/36875\/revisions"}],"predecessor-version":[{"id":36877,"href":"https:\/\/www.egemtv.com\/index.php?rest_route=\/wp\/v2\/posts\/36875\/revisions\/36877"}],"wp:featuredmedia":[{"embeddable":true,"href":"https:\/\/www.egemtv.com\/index.php?rest_route=\/wp\/v2\/media\/36876"}],"wp:attachment":[{"href":"https:\/\/www.egemtv.com\/index.php?rest_route=%2Fwp%2Fv2%2Fmedia&parent=36875"}],"wp:term":[{"taxonomy":"category","embeddable":true,"href":"https:\/\/www.egemtv.com\/index.php?rest_route=%2Fwp%2Fv2%2Fcategories&post=36875"},{"taxonomy":"post_tag","embeddable":true,"href":"https:\/\/www.egemtv.com\/index.php?rest_route=%2Fwp%2Fv2%2Ftags&post=36875"}],"curies":[{"name":"wp","href":"https:\/\/api.w.org\/{rel}","templated":true}]}}