{"id":36869,"date":"2025-06-21T21:14:52","date_gmt":"2025-06-21T18:14:52","guid":{"rendered":"https:\/\/www.egemtv.com\/?p=36869"},"modified":"2025-06-21T21:14:56","modified_gmt":"2025-06-21T18:14:56","slug":"aydin-efelerdeki-yangina-ekiplerin-mudahalesi-suruyor","status":"publish","type":"post","link":"https:\/\/www.egemtv.com\/?p=36869","title":{"rendered":"Ayd\u0131n Efeler\u2019deki yang\u0131na ekiplerin m\u00fcdahalesi s\u00fcr\u00fcyor"},"content":{"rendered":"<p>Ayd\u0131n\u2019\u0131n Efeler il\u00e7esinde tar\u0131m arazisinde \u00e7\u0131kan ve ormanl\u0131k alana s\u0131\u00e7rayan yang\u0131n\u0131 s\u00f6nd\u00fcrme \u00e7al\u0131\u015fmalar\u0131 devam ediyor.<br \/>\n<br \/>Ayd\u0131n\u2019\u0131n Efeler il\u00e7esi Savrandere mevkiinde tar\u0131m arazisinde ba\u015flayan yang\u0131n, \u015fiddetli r\u00fczgar\u0131n etkisiyle ormanl\u0131k alana s\u0131\u00e7ram\u0131\u015ft\u0131. Yang\u0131na Mu\u011fla Orman B\u00f6lge M\u00fcd\u00fcrl\u00fc\u011f\u00fc\u2019ne ba\u011fl\u0131 hava ve kara ara\u00e7lar\u0131 ile Ayd\u0131n B\u00fcy\u00fck\u015fehir Belediyesi \u0130tfaiye ekipleri, AFAD, g\u00f6n\u00fcll\u00fcler m\u00fcdahale ediyor. S\u00f6nd\u00fcrme \u00e7al\u0131\u015fmalar\u0131na K\u0131z\u0131lay ve sa\u011fl\u0131k ekipleri ile \u00e7e\u015fitli sivil toplum kurulu\u015flar\u0131 da katk\u0131da bulunuyor. Yang\u0131n nedeniyle b\u00f6lgedeki bir mahalle, tedbir amac\u0131yla bo\u015falt\u0131ld\u0131.<br \/>\n<br \/>Havadan ve karadan s\u00fcrd\u00fcr\u00fclen m\u00fcdahale, havan\u0131n kararmas\u0131n\u0131n ard\u0131ndan sadece karadan devam ediyor. Yang\u0131n\u0131n tar\u0131m alan\u0131ndan geni\u015f bir ormanl\u0131k b\u00f6lgeye yay\u0131lmas\u0131 nedeniyle, ekipler alevlere kar\u015f\u0131 b\u00fcy\u00fck bir m\u00fccadele veriyor.<br \/>\n<br \/>Efeler il\u00e7esindeki orman yang\u0131n\u0131 dron ile g\u00f6r\u00fcnt\u00fclenirken, yanan sahan\u0131n geni\u015f bir alana yay\u0131ld\u0131\u011f\u0131 g\u00f6r\u00fcld\u00fc.<br \/><\/p>\n","protected":false},"excerpt":{"rendered":"<p>Ayd\u0131n\u2019\u0131n Efeler il\u00e7esinde tar\u0131m arazisinde \u00e7\u0131kan ve ormanl\u0131k alana s\u0131\u00e7rayan yang\u0131n\u0131 s\u00f6nd\u00fcrme \u00e7al\u0131\u015fmalar\u0131 devam ediyor. Ayd\u0131n\u2019\u0131n Efeler il\u00e7esi Savrandere mevkiinde tar\u0131m arazisinde ba\u015flayan yang\u0131n, \u015fiddetli r\u00fczgar\u0131n etkisiyle ormanl\u0131k alana s\u0131\u00e7ram\u0131\u015ft\u0131. Yang\u0131na Mu\u011fla Orman B\u00f6lge M\u00fcd\u00fcrl\u00fc\u011f\u00fc\u2019ne ba\u011fl\u0131 hava ve kara ara\u00e7lar\u0131 ile Ayd\u0131n B\u00fcy\u00fck\u015fehir Belediyesi \u0130tfaiye ekipleri, AFAD, g\u00f6n\u00fcll\u00fcler m\u00fcdahale ediyor. S\u00f6nd\u00fcrme \u00e7al\u0131\u015fmalar\u0131na K\u0131z\u0131lay ve sa\u011fl\u0131k&#8230;<\/p>\n","protected":false},"author":1,"featured_media":36870,"comment_status":"open","ping_status":"open","sticky":false,"template":"","format":"standard","meta":{"_crdt_document":"","footnotes":""},"categories":[5],"tags":[],"class_list":["post-36869","post","type-post","status-publish","format-standard","has-post-thumbnail","hentry","category-asayis"],"_links":{"self":[{"href":"https:\/\/www.egemtv.com\/index.php?rest_route=\/wp\/v2\/posts\/36869","targetHints":{"allow":["GET"]}}],"collection":[{"href":"https:\/\/www.egemtv.com\/index.php?rest_route=\/wp\/v2\/posts"}],"about":[{"href":"https:\/\/www.egemtv.com\/index.php?rest_route=\/wp\/v2\/types\/post"}],"author":[{"embeddable":true,"href":"https:\/\/www.egemtv.com\/index.php?rest_route=\/wp\/v2\/users\/1"}],"replies":[{"embeddable":true,"href":"https:\/\/www.egemtv.com\/index.php?rest_route=%2Fwp%2Fv2%2Fcomments&post=36869"}],"version-history":[{"count":1,"href":"https:\/\/www.egemtv.com\/index.php?rest_route=\/wp\/v2\/posts\/36869\/revisions"}],"predecessor-version":[{"id":36871,"href":"https:\/\/www.egemtv.com\/index.php?rest_route=\/wp\/v2\/posts\/36869\/revisions\/36871"}],"wp:featuredmedia":[{"embeddable":true,"href":"https:\/\/www.egemtv.com\/index.php?rest_route=\/wp\/v2\/media\/36870"}],"wp:attachment":[{"href":"https:\/\/www.egemtv.com\/index.php?rest_route=%2Fwp%2Fv2%2Fmedia&parent=36869"}],"wp:term":[{"taxonomy":"category","embeddable":true,"href":"https:\/\/www.egemtv.com\/index.php?rest_route=%2Fwp%2Fv2%2Fcategories&post=36869"},{"taxonomy":"post_tag","embeddable":true,"href":"https:\/\/www.egemtv.com\/index.php?rest_route=%2Fwp%2Fv2%2Ftags&post=36869"}],"curies":[{"name":"wp","href":"https:\/\/api.w.org\/{rel}","templated":true}]}}