{"id":36866,"date":"2025-06-21T21:14:50","date_gmt":"2025-06-21T18:14:50","guid":{"rendered":"https:\/\/www.egemtv.com\/?p=36866"},"modified":"2025-06-21T21:14:52","modified_gmt":"2025-06-21T18:14:52","slug":"otomobilin-carptigi-motosiklet-surucusu-hayatini-kaybetti","status":"publish","type":"post","link":"https:\/\/www.egemtv.com\/?p=36866","title":{"rendered":"Otomobilin \u00e7arpt\u0131\u011f\u0131 motosiklet s\u00fcr\u00fcc\u00fcs\u00fc hayat\u0131n\u0131 kaybetti"},"content":{"rendered":"<p>Denizli\u2019de gece saatlerinde motosiklet ile otomobilin \u00e7arp\u0131\u015fmas\u0131 sonucu meydana gelen trafik kazas\u0131 sonucu motosiklet s\u00fcr\u00fcc\u00fcs\u00fc hayat\u0131n\u0131 kaybetti.<\/p>\n<p>Kaza, Denizli-Babada\u011f karayolu \u00fczerinde gece ge\u00e7 saatlerde meydana geldi. Edinilen bilgilere g\u00f6re, Ali \u0130hsan Helvac\u0131o\u011flu (33) motosiklet ile seyir halindeyken, s\u00fcr\u00fcc\u00fcs\u00fcn\u00fcn kimli\u011fi hen\u00fcz belirlenemeyen bir otomobil \u00e7arpt\u0131. \u00c7arpman\u0131n etkisiyle Helvac\u0131o\u011flu motosikletinden savruldu. \u0130hbar \u00fczerine olay yerine polis ve sa\u011fl\u0131k ekipleri sevk edildi.<\/p>\n<p>B\u00f6lgeye gelen sa\u011fl\u0131k ekiplerinin t\u00fcm m\u00fcdahalelerine ra\u011fmen motosiklet s\u00fcr\u00fcc\u00fcs\u00fc Ali \u0130hsan Helvac\u0131o\u011flu kurtar\u0131lmayarak hayat\u0131n\u0131 kaybetti. Helvac\u0131o\u011flu\u2019nun cenazesi otopsi yap\u0131lmak \u00fczere Adli T\u0131p Kurumu Ba\u015fkanl\u0131\u011f\u0131 morguna kald\u0131r\u0131ld\u0131.<\/p>\n<p>Kaza ile ilgili soru\u015fturma ba\u015flat\u0131ld\u0131.<br \/><\/p>\n","protected":false},"excerpt":{"rendered":"<p>Denizli\u2019de gece saatlerinde motosiklet ile otomobilin \u00e7arp\u0131\u015fmas\u0131 sonucu meydana gelen trafik kazas\u0131 sonucu motosiklet s\u00fcr\u00fcc\u00fcs\u00fc hayat\u0131n\u0131 kaybetti. Kaza, Denizli-Babada\u011f karayolu \u00fczerinde gece ge\u00e7 saatlerde meydana geldi. Edinilen bilgilere g\u00f6re, Ali \u0130hsan Helvac\u0131o\u011flu (33) motosiklet ile seyir halindeyken, s\u00fcr\u00fcc\u00fcs\u00fcn\u00fcn kimli\u011fi hen\u00fcz belirlenemeyen bir otomobil \u00e7arpt\u0131. \u00c7arpman\u0131n etkisiyle Helvac\u0131o\u011flu motosikletinden savruldu. \u0130hbar \u00fczerine olay yerine polis ve&#8230;<\/p>\n","protected":false},"author":1,"featured_media":36867,"comment_status":"open","ping_status":"open","sticky":false,"template":"","format":"standard","meta":{"_crdt_document":"","footnotes":""},"categories":[5],"tags":[],"class_list":["post-36866","post","type-post","status-publish","format-standard","has-post-thumbnail","hentry","category-asayis"],"_links":{"self":[{"href":"https:\/\/www.egemtv.com\/index.php?rest_route=\/wp\/v2\/posts\/36866","targetHints":{"allow":["GET"]}}],"collection":[{"href":"https:\/\/www.egemtv.com\/index.php?rest_route=\/wp\/v2\/posts"}],"about":[{"href":"https:\/\/www.egemtv.com\/index.php?rest_route=\/wp\/v2\/types\/post"}],"author":[{"embeddable":true,"href":"https:\/\/www.egemtv.com\/index.php?rest_route=\/wp\/v2\/users\/1"}],"replies":[{"embeddable":true,"href":"https:\/\/www.egemtv.com\/index.php?rest_route=%2Fwp%2Fv2%2Fcomments&post=36866"}],"version-history":[{"count":1,"href":"https:\/\/www.egemtv.com\/index.php?rest_route=\/wp\/v2\/posts\/36866\/revisions"}],"predecessor-version":[{"id":36868,"href":"https:\/\/www.egemtv.com\/index.php?rest_route=\/wp\/v2\/posts\/36866\/revisions\/36868"}],"wp:featuredmedia":[{"embeddable":true,"href":"https:\/\/www.egemtv.com\/index.php?rest_route=\/wp\/v2\/media\/36867"}],"wp:attachment":[{"href":"https:\/\/www.egemtv.com\/index.php?rest_route=%2Fwp%2Fv2%2Fmedia&parent=36866"}],"wp:term":[{"taxonomy":"category","embeddable":true,"href":"https:\/\/www.egemtv.com\/index.php?rest_route=%2Fwp%2Fv2%2Fcategories&post=36866"},{"taxonomy":"post_tag","embeddable":true,"href":"https:\/\/www.egemtv.com\/index.php?rest_route=%2Fwp%2Fv2%2Ftags&post=36866"}],"curies":[{"name":"wp","href":"https:\/\/api.w.org\/{rel}","templated":true}]}}