{"id":36863,"date":"2025-06-21T20:15:12","date_gmt":"2025-06-21T17:15:12","guid":{"rendered":"https:\/\/www.egemtv.com\/?p=36863"},"modified":"2025-06-21T20:15:14","modified_gmt":"2025-06-21T17:15:14","slug":"vali-canbolat-yangin-trafo-patlamasiyla-basladi-ekiplerimiz-seferber-edildi","status":"publish","type":"post","link":"https:\/\/www.egemtv.com\/?p=36863","title":{"rendered":"Vali Canbolat: &#8220;Yang\u0131n trafo patlamas\u0131yla ba\u015flad\u0131, ekiplerimiz seferber edildi&#8221;"},"content":{"rendered":"<p>Ayd\u0131n\u2019\u0131n Efeler il\u00e7esinde zirai alanda \u00e7\u0131kan yang\u0131n, r\u00fczgar\u0131n etkisiyle h\u0131zla b\u00fcy\u00fcyerek yerle\u015fim yerlerine yakla\u015ft\u0131. Alevler B\u00f6cek ve Bademlik mahalleleri y\u00f6n\u00fcne ilerlerken, b\u00f6lgede \u00e7ok say\u0131da ekip havadan ve karadan m\u00fcdahalede bulunuyor. Ayd\u0131n Valisi Yakup Canbolat, yang\u0131nla ilgili sahada a\u00e7\u0131klamalarda bulundu.<br \/>\n<br \/>Yang\u0131n\u0131n \u00e7\u0131k\u0131\u015f nedeni hakk\u0131nda bilgi veren Vali Canbolat, ilk tespitlere g\u00f6re bir trafo patlamas\u0131 sonucu yang\u0131n\u0131n ba\u015flad\u0131\u011f\u0131n\u0131 belirtti. Yang\u0131n\u0131n yerle\u015fim yerlerinin i\u00e7inden h\u0131zla tar\u0131m arazilerine yay\u0131ld\u0131\u011f\u0131n\u0131 s\u00f6yleyen Vali Canbolat, yang\u0131na m\u00fcdahalenin ilk andan itibaren ba\u015flat\u0131ld\u0131\u011f\u0131n\u0131 vurgulad\u0131.<\/p>\n<p>&#8220;Yasaklara uyulmal\u0131, r\u00fczgar ve s\u0131cakl\u0131k tehlikeyi art\u0131r\u0131yor&#8221;<br \/>\n<br \/>Vali Canbolat, yaz sezonuyla birlikte Ayd\u0131n genelinde s\u0131k s\u0131k yang\u0131n \u00e7\u0131kt\u0131\u011f\u0131n\u0131 hat\u0131rlatarak, \u015fu uyar\u0131larda bulundu:<br \/>\n<br \/>&#8220;Malumunuz yaz sezonu ba\u015flad\u0131. Neredeyse her g\u00fcn Ayd\u0131n\u2019da yang\u0131n olay\u0131 ya\u015fan\u0131yor. \u00c7o\u011funlukla ziraat yang\u0131n\u0131 olarak ba\u015fl\u0131yor ama k\u0131sa s\u00fcrede ormana s\u0131\u00e7r\u0131yor. Vatanda\u015flar\u0131m\u0131zdan istirham\u0131m\u0131z; \u00f6zellikle yasaklama kapsam\u0131nda al\u0131nan kararlara harfiyen uymalar\u0131d\u0131r. R\u00fczgar var, s\u0131cakl\u0131k y\u00fcksek; yang\u0131n \u00e7\u0131kmamas\u0131 i\u00e7in neredeyse hi\u00e7bir sebep yok.&#8221;<\/p>\n<p>&#8220;B\u00f6lgede tahliyeler ba\u015flad\u0131, 3 ki\u015fi dumandan etkilendi&#8221;<br \/>\n<br \/>Yang\u0131n\u0131n kontrol alt\u0131na al\u0131namad\u0131\u011f\u0131n\u0131 belirten Vali Canbolat, B\u00f6cek ve Bademlik mahallelerinde \u00f6nlem al\u0131nd\u0131\u011f\u0131n\u0131, Bademlik Mahallesi\u2019nin tedbir ama\u00e7l\u0131 tahliye edildi\u011fini a\u00e7\u0131klad\u0131. Yang\u0131nda \u015fu ana kadar 3 vatanda\u015f\u0131n dumandan etkilendi\u011fini, ancak sa\u011fl\u0131k durumlar\u0131n\u0131n iyi oldu\u011funu s\u00f6yledi.<\/p>\n<p>Yang\u0131na 170 personel, 9 helikopter ve 5 u\u00e7akla m\u00fcdahale ediliyor<br \/>\n<br \/>Vali Canbolat\u2019\u0131n verdi\u011fi bilgilere g\u00f6re yang\u0131na geni\u015f bir ekip ve ara\u00e7 filosuyla m\u00fcdahale ediliyor: AFAD: 3 ara\u00e7, 6 personel, Orman Genel M\u00fcd\u00fcrl\u00fc\u011f\u00fc: 15 araz\u00f6z, 6 su tankeri, 5 dozer, 9 helikopter, 5 u\u00e7ak, 5 trayler, 15 teknik personel, 13 memur, 8 pikap, 2 arazi arac\u0131,, Jandarma: 65 personel, 1 TOMA, Ayd\u0131n B\u00fcy\u00fck\u015fehir Belediyesi 35 ara\u00e7, 65 personel, UMKE 6 personel, 2 ara\u00e7, 112 Acil Sa\u011fl\u0131k 6 personel, 3 ambulans toplamda 170 personel sahada g\u00f6rev yaparken, yang\u0131n\u0131n b\u00fcy\u00fcmemesi i\u00e7in yo\u011fun \u00e7aba harcan\u0131yor.<\/p>\n<p>&#8220;Mu\u011fla ve \u00e7evre illerden takviye ekipler g\u00f6nderildi&#8221;<br \/>\n<br \/>Yang\u0131na Mu\u011fla Orman B\u00f6lge M\u00fcd\u00fcrl\u00fc\u011f\u00fc ba\u015fta olmak \u00fczere \u00e7evre illerden de destek geldi. Vali Canbolat, \u0130zmir\u2019den 2 u\u00e7ak ve 1 helikopterin yang\u0131na destek i\u00e7in g\u00f6nderildi\u011fini belirtti. Vali Canbolat, &#8220;Mu\u011fla Orman B\u00f6lge M\u00fcd\u00fcrl\u00fc\u011f\u00fc\u2019n\u00fcn b\u00fct\u00fcn ekipleri b\u00f6lgeye seferber edildi. Ayr\u0131ca \u0130zmir, Mu\u011fla ve Denizli\u2019den de takviye kuvvetler istendi. Sayd\u0131\u011f\u0131m\u0131z helikopter ve u\u00e7aklar i\u00e7erisinde \u0130zmir\u2019den gelen ara\u00e7lar da yer al\u0131yor&#8221; dedi.<br \/>\n<br \/>Vali Canbolat, a\u00e7\u0131klamas\u0131n\u0131n sonunda t\u00fcm ekiplerin g\u00f6revlerini b\u00fcy\u00fck bir \u00f6zveriyle yerine getirdi\u011fini belirterek, yang\u0131n\u0131n ak\u015fam saatlerine kadar kontrol alt\u0131na al\u0131nmas\u0131n\u0131 hedeflediklerini s\u00f6yledi.<br \/><\/p>\n","protected":false},"excerpt":{"rendered":"<p>Ayd\u0131n\u2019\u0131n Efeler il\u00e7esinde zirai alanda \u00e7\u0131kan yang\u0131n, r\u00fczgar\u0131n etkisiyle h\u0131zla b\u00fcy\u00fcyerek yerle\u015fim yerlerine yakla\u015ft\u0131. Alevler B\u00f6cek ve Bademlik mahalleleri y\u00f6n\u00fcne ilerlerken, b\u00f6lgede \u00e7ok say\u0131da ekip havadan ve karadan m\u00fcdahalede bulunuyor. Ayd\u0131n Valisi Yakup Canbolat, yang\u0131nla ilgili sahada a\u00e7\u0131klamalarda bulundu. Yang\u0131n\u0131n \u00e7\u0131k\u0131\u015f nedeni hakk\u0131nda bilgi veren Vali Canbolat, ilk tespitlere g\u00f6re bir trafo patlamas\u0131 sonucu yang\u0131n\u0131n&#8230;<\/p>\n","protected":false},"author":1,"featured_media":36864,"comment_status":"open","ping_status":"open","sticky":false,"template":"","format":"standard","meta":{"_crdt_document":"","footnotes":""},"categories":[5],"tags":[],"class_list":["post-36863","post","type-post","status-publish","format-standard","has-post-thumbnail","hentry","category-asayis"],"_links":{"self":[{"href":"https:\/\/www.egemtv.com\/index.php?rest_route=\/wp\/v2\/posts\/36863","targetHints":{"allow":["GET"]}}],"collection":[{"href":"https:\/\/www.egemtv.com\/index.php?rest_route=\/wp\/v2\/posts"}],"about":[{"href":"https:\/\/www.egemtv.com\/index.php?rest_route=\/wp\/v2\/types\/post"}],"author":[{"embeddable":true,"href":"https:\/\/www.egemtv.com\/index.php?rest_route=\/wp\/v2\/users\/1"}],"replies":[{"embeddable":true,"href":"https:\/\/www.egemtv.com\/index.php?rest_route=%2Fwp%2Fv2%2Fcomments&post=36863"}],"version-history":[{"count":1,"href":"https:\/\/www.egemtv.com\/index.php?rest_route=\/wp\/v2\/posts\/36863\/revisions"}],"predecessor-version":[{"id":36865,"href":"https:\/\/www.egemtv.com\/index.php?rest_route=\/wp\/v2\/posts\/36863\/revisions\/36865"}],"wp:featuredmedia":[{"embeddable":true,"href":"https:\/\/www.egemtv.com\/index.php?rest_route=\/wp\/v2\/media\/36864"}],"wp:attachment":[{"href":"https:\/\/www.egemtv.com\/index.php?rest_route=%2Fwp%2Fv2%2Fmedia&parent=36863"}],"wp:term":[{"taxonomy":"category","embeddable":true,"href":"https:\/\/www.egemtv.com\/index.php?rest_route=%2Fwp%2Fv2%2Fcategories&post=36863"},{"taxonomy":"post_tag","embeddable":true,"href":"https:\/\/www.egemtv.com\/index.php?rest_route=%2Fwp%2Fv2%2Ftags&post=36863"}],"curies":[{"name":"wp","href":"https:\/\/api.w.org\/{rel}","templated":true}]}}