{"id":36860,"date":"2025-06-21T20:15:07","date_gmt":"2025-06-21T17:15:07","guid":{"rendered":"https:\/\/www.egemtv.com\/?p=36860"},"modified":"2025-06-21T20:15:12","modified_gmt":"2025-06-21T17:15:12","slug":"marmariste-kurallara-uymayan-mekanlar-kapatilmaya-devam-ediyor","status":"publish","type":"post","link":"https:\/\/www.egemtv.com\/?p=36860","title":{"rendered":"Marmaris\u2019te kurallara uymayan mekanlar kapat\u0131lmaya devam ediyor"},"content":{"rendered":"<p>Mu\u011fla\u2019n\u0131n Marmaris il\u00e7esinde e\u011flence mekanlar\u0131nda denetimler aral\u0131ks\u0131z s\u00fcr\u00fcyor. G\u00fcr\u00fclt\u00fc, hayas\u0131zca hareketler ile yoldan ge\u00e7enlere yap\u0131lan \u0131srarl\u0131 teklifler nedeniyle \u00e7ok say\u0131da i\u015fletmeye ceza kesildi, 20\u2019den fazlas\u0131 ise kapat\u0131ld\u0131.<br \/>\n<br \/>Marmaris \u0130l\u00e7e Emniyet M\u00fcd\u00fcrl\u00fc\u011f\u00fc Asayi\u015f ve Devriye Ekipleri taraf\u0131ndan Uzunyal\u0131, Armutalan ve \u0130\u00e7meler ba\u015fta olmak \u00fczere il\u00e7e genelinde y\u00fczlerce i\u015fletme denetlendi. Kural ihlali tespit edilen yerler hakk\u0131nda 3, 7, 10 ve 15 g\u00fcne kadar de\u011fi\u015fen s\u00fcrelerle ge\u00e7ici kapatma cezalar\u0131 uygulan\u0131rken, iki i\u015fletme s\u00fcresiz olarak m\u00fch\u00fcrlendi. Ayn\u0131 kural ihlalini tekrarlayan i\u015fletmelere ise daha uzun s\u00fcreli yapt\u0131r\u0131mlar uygulanmaya devam ediyor.<br \/>\n<br \/>\u00d6zellikle g\u00fcr\u00fclt\u00fc, hayas\u0131zca hareketler ile yoldan ge\u00e7enlere yap\u0131lan \u0131srarl\u0131 teklifler (hanut\u00e7uluk) nedeniyle \u00e7ok say\u0131da i\u015fletmeye ceza kesildi, 20\u2019den fazlas\u0131 ise kapat\u0131ld\u0131.<br \/>\n<br \/>Yetkililer, Marmaris\u2019in huzurunu bozan uygulamalara m\u00fcsamaha g\u00f6sterilmeyece\u011fini vurgulayarak, i\u015fletmelerin yasal kurallara uymas\u0131n\u0131 istedi. Denetimlerin yaz boyunca titizlikle s\u00fcrd\u00fcr\u00fclece\u011fi belirtildi.<br \/><\/p>\n","protected":false},"excerpt":{"rendered":"<p>Mu\u011fla\u2019n\u0131n Marmaris il\u00e7esinde e\u011flence mekanlar\u0131nda denetimler aral\u0131ks\u0131z s\u00fcr\u00fcyor. G\u00fcr\u00fclt\u00fc, hayas\u0131zca hareketler ile yoldan ge\u00e7enlere yap\u0131lan \u0131srarl\u0131 teklifler nedeniyle \u00e7ok say\u0131da i\u015fletmeye ceza kesildi, 20\u2019den fazlas\u0131 ise kapat\u0131ld\u0131. Marmaris \u0130l\u00e7e Emniyet M\u00fcd\u00fcrl\u00fc\u011f\u00fc Asayi\u015f ve Devriye Ekipleri taraf\u0131ndan Uzunyal\u0131, Armutalan ve \u0130\u00e7meler ba\u015fta olmak \u00fczere il\u00e7e genelinde y\u00fczlerce i\u015fletme denetlendi. Kural ihlali tespit edilen yerler hakk\u0131nda 3,&#8230;<\/p>\n","protected":false},"author":1,"featured_media":36861,"comment_status":"open","ping_status":"open","sticky":false,"template":"","format":"standard","meta":{"_crdt_document":"","footnotes":""},"categories":[5],"tags":[],"class_list":["post-36860","post","type-post","status-publish","format-standard","has-post-thumbnail","hentry","category-asayis"],"_links":{"self":[{"href":"https:\/\/www.egemtv.com\/index.php?rest_route=\/wp\/v2\/posts\/36860","targetHints":{"allow":["GET"]}}],"collection":[{"href":"https:\/\/www.egemtv.com\/index.php?rest_route=\/wp\/v2\/posts"}],"about":[{"href":"https:\/\/www.egemtv.com\/index.php?rest_route=\/wp\/v2\/types\/post"}],"author":[{"embeddable":true,"href":"https:\/\/www.egemtv.com\/index.php?rest_route=\/wp\/v2\/users\/1"}],"replies":[{"embeddable":true,"href":"https:\/\/www.egemtv.com\/index.php?rest_route=%2Fwp%2Fv2%2Fcomments&post=36860"}],"version-history":[{"count":1,"href":"https:\/\/www.egemtv.com\/index.php?rest_route=\/wp\/v2\/posts\/36860\/revisions"}],"predecessor-version":[{"id":36862,"href":"https:\/\/www.egemtv.com\/index.php?rest_route=\/wp\/v2\/posts\/36860\/revisions\/36862"}],"wp:featuredmedia":[{"embeddable":true,"href":"https:\/\/www.egemtv.com\/index.php?rest_route=\/wp\/v2\/media\/36861"}],"wp:attachment":[{"href":"https:\/\/www.egemtv.com\/index.php?rest_route=%2Fwp%2Fv2%2Fmedia&parent=36860"}],"wp:term":[{"taxonomy":"category","embeddable":true,"href":"https:\/\/www.egemtv.com\/index.php?rest_route=%2Fwp%2Fv2%2Fcategories&post=36860"},{"taxonomy":"post_tag","embeddable":true,"href":"https:\/\/www.egemtv.com\/index.php?rest_route=%2Fwp%2Fv2%2Ftags&post=36860"}],"curies":[{"name":"wp","href":"https:\/\/api.w.org\/{rel}","templated":true}]}}