{"id":36857,"date":"2025-06-21T20:15:00","date_gmt":"2025-06-21T17:15:00","guid":{"rendered":"https:\/\/www.egemtv.com\/?p=36857"},"modified":"2025-06-21T20:15:07","modified_gmt":"2025-06-21T17:15:07","slug":"manisa-kirkagacta-orman-yangini-havadan-ve-karadan-mudahale-suruyor","status":"publish","type":"post","link":"https:\/\/www.egemtv.com\/?p=36857","title":{"rendered":"Manisa K\u0131rka\u011fa\u00e7\u2019ta orman yang\u0131n\u0131: Havadan ve karadan m\u00fcdahale s\u00fcr\u00fcyor"},"content":{"rendered":"<p>Manisa\u2019n\u0131n K\u0131rka\u011fa\u00e7 il\u00e7esinde ormanl\u0131k alanda yang\u0131n \u00e7\u0131kt\u0131. Ekiplerin havadan ve karadan m\u00fcdahalesi s\u00fcr\u00fcyor.<br \/>\n<br \/>Gelenbe Mahallesi\u2019nde saat 18.17\u2019de ormanl\u0131k alanda yang\u0131n \u00e7\u0131kt\u0131. \u0130hbar\u0131n ard\u0131ndan b\u00f6lgeye ekipler sevk edildi. \u0130zmir Orman B\u00f6lge M\u00fcd\u00fcrl\u00fc\u011f\u00fc koordinasyonunda 3 u\u00e7ak, 7 helikopter, 25 araz\u00f6z, 14 su ikmal arac\u0131 ve 3 dozer ile s\u00f6nd\u00fcrme \u00e7al\u0131\u015fmalar\u0131 aral\u0131ks\u0131z s\u00fcr\u00fcyor.<br \/><\/p>\n","protected":false},"excerpt":{"rendered":"<p>Manisa\u2019n\u0131n K\u0131rka\u011fa\u00e7 il\u00e7esinde ormanl\u0131k alanda yang\u0131n \u00e7\u0131kt\u0131. Ekiplerin havadan ve karadan m\u00fcdahalesi s\u00fcr\u00fcyor. Gelenbe Mahallesi\u2019nde saat 18.17\u2019de ormanl\u0131k alanda yang\u0131n \u00e7\u0131kt\u0131. \u0130hbar\u0131n ard\u0131ndan b\u00f6lgeye ekipler sevk edildi. \u0130zmir Orman B\u00f6lge M\u00fcd\u00fcrl\u00fc\u011f\u00fc koordinasyonunda 3 u\u00e7ak, 7 helikopter, 25 araz\u00f6z, 14 su ikmal arac\u0131 ve 3 dozer ile s\u00f6nd\u00fcrme \u00e7al\u0131\u015fmalar\u0131 aral\u0131ks\u0131z s\u00fcr\u00fcyor.<\/p>\n","protected":false},"author":1,"featured_media":36858,"comment_status":"open","ping_status":"open","sticky":false,"template":"","format":"standard","meta":{"_crdt_document":"","footnotes":""},"categories":[5],"tags":[],"class_list":["post-36857","post","type-post","status-publish","format-standard","has-post-thumbnail","hentry","category-asayis"],"_links":{"self":[{"href":"https:\/\/www.egemtv.com\/index.php?rest_route=\/wp\/v2\/posts\/36857","targetHints":{"allow":["GET"]}}],"collection":[{"href":"https:\/\/www.egemtv.com\/index.php?rest_route=\/wp\/v2\/posts"}],"about":[{"href":"https:\/\/www.egemtv.com\/index.php?rest_route=\/wp\/v2\/types\/post"}],"author":[{"embeddable":true,"href":"https:\/\/www.egemtv.com\/index.php?rest_route=\/wp\/v2\/users\/1"}],"replies":[{"embeddable":true,"href":"https:\/\/www.egemtv.com\/index.php?rest_route=%2Fwp%2Fv2%2Fcomments&post=36857"}],"version-history":[{"count":1,"href":"https:\/\/www.egemtv.com\/index.php?rest_route=\/wp\/v2\/posts\/36857\/revisions"}],"predecessor-version":[{"id":36859,"href":"https:\/\/www.egemtv.com\/index.php?rest_route=\/wp\/v2\/posts\/36857\/revisions\/36859"}],"wp:featuredmedia":[{"embeddable":true,"href":"https:\/\/www.egemtv.com\/index.php?rest_route=\/wp\/v2\/media\/36858"}],"wp:attachment":[{"href":"https:\/\/www.egemtv.com\/index.php?rest_route=%2Fwp%2Fv2%2Fmedia&parent=36857"}],"wp:term":[{"taxonomy":"category","embeddable":true,"href":"https:\/\/www.egemtv.com\/index.php?rest_route=%2Fwp%2Fv2%2Fcategories&post=36857"},{"taxonomy":"post_tag","embeddable":true,"href":"https:\/\/www.egemtv.com\/index.php?rest_route=%2Fwp%2Fv2%2Ftags&post=36857"}],"curies":[{"name":"wp","href":"https:\/\/api.w.org\/{rel}","templated":true}]}}