{"id":36854,"date":"2025-06-21T19:54:38","date_gmt":"2025-06-21T16:54:38","guid":{"rendered":"https:\/\/www.egemtv.com\/?p=36854"},"modified":"2025-06-21T19:54:43","modified_gmt":"2025-06-21T16:54:43","slug":"aydinda-koyler-tahliye-edilmeye-baslandi","status":"publish","type":"post","link":"https:\/\/www.egemtv.com\/?p=36854","title":{"rendered":"Ayd\u0131n\u2019da k\u00f6yler tahliye edilmeye ba\u015fland\u0131"},"content":{"rendered":"<p>Efeler il\u00e7esine ba\u011fl\u0131 Savrandere Mahallesi yak\u0131nlar\u0131nda \u00e7\u0131kan ve h\u0131zla yay\u0131lan zirai alan yang\u0131n\u0131nda  baz\u0131 yerle\u015fim yerleri tahliye edilmeye ba\u015fland\u0131. B\u00f6lgeye Ayd\u0131n B\u00fcy\u00fck\u015fehir Belediyesi\u2019ne ait itfaiye ve tankerlerin yan\u0131 s\u0131ra otob\u00fcsler de sevk edildi. Tahliye edilen k\u00f6ylerdeki vatanda\u015flar B\u00fcy\u00fck\u015fehir Belediyesi\u2019nin otob\u00fcsleri ile KYK Yurtlar\u0131na naklediliyor.<br \/>\n<br \/>Bug\u00fcn \u00f6\u011fleden sonra saat 15:00 s\u0131ralar\u0131nda ba\u015flayan ve h\u0131zla ilerleyen yang\u0131na havadan ve karadan s\u00fcren aral\u0131ks\u0131z m\u00fcdahalelere ra\u011fmen alevler y\u00fczlerce d\u00f6n\u00fcm alana yay\u0131ld\u0131. Ayd\u0131n B\u00fcy\u00fck\u015fehir Belediyesi \u0130tfaiye ekipleri ile birlikte Mu\u011fla Orman B\u00f6lge M\u00fcd\u00fcrl\u00fc\u011f\u00fc\u2019ne ba\u011fl\u0131 yang\u0131n s\u00f6nd\u00fcrme ekiplerinin yo\u011fun m\u00fccadelesine havadan helikopter ve u\u00e7aklar da destek verdi. Havan\u0131n r\u00fczgarl\u0131 ve zeminin olduk\u00e7a kuru olmas\u0131 nedeniyle Savrandere\u2019de ba\u015flay\u0131p B\u00f6cek Mahallesi\u2019ne ula\u015fan yang\u0131n \u015fimdi de tepeyi a\u015farak Bademli Mahallesi\u2019ne yakla\u015ft\u0131.<br \/>\n<br \/>Ayd\u0131n Valisi Yakup Canbolat ile Ayd\u0131n B\u00fcy\u00fck\u015fehir Belediye Ba\u015fkan\u0131 \u00d6zlem \u00c7er\u00e7io\u011flu\u2019nun da s\u00f6nd\u00fcrme \u00e7al\u0131\u015fmalar\u0131n\u0131 yak\u0131ndan takip etti\u011fi yang\u0131nda Bademli Mahallesi\u2019nin tahliyesine karar verildi.<br \/>\n<br \/>B\u00f6lgeye sevk edilen otob\u00fcslerle Bademli Mahallesi\u2019nde oturanlar KYK yurtlar\u0131na ta\u015f\u0131n\u0131yor.<br \/><\/p>\n","protected":false},"excerpt":{"rendered":"<p>Efeler il\u00e7esine ba\u011fl\u0131 Savrandere Mahallesi yak\u0131nlar\u0131nda \u00e7\u0131kan ve h\u0131zla yay\u0131lan zirai alan yang\u0131n\u0131nda baz\u0131 yerle\u015fim yerleri tahliye edilmeye ba\u015fland\u0131. B\u00f6lgeye Ayd\u0131n B\u00fcy\u00fck\u015fehir Belediyesi\u2019ne ait itfaiye ve tankerlerin yan\u0131 s\u0131ra otob\u00fcsler de sevk edildi. Tahliye edilen k\u00f6ylerdeki vatanda\u015flar B\u00fcy\u00fck\u015fehir Belediyesi\u2019nin otob\u00fcsleri ile KYK Yurtlar\u0131na naklediliyor. Bug\u00fcn \u00f6\u011fleden sonra saat 15:00 s\u0131ralar\u0131nda ba\u015flayan ve h\u0131zla ilerleyen yang\u0131na&#8230;<\/p>\n","protected":false},"author":1,"featured_media":36855,"comment_status":"open","ping_status":"open","sticky":false,"template":"","format":"standard","meta":{"_crdt_document":"","footnotes":""},"categories":[5],"tags":[],"class_list":["post-36854","post","type-post","status-publish","format-standard","has-post-thumbnail","hentry","category-asayis"],"_links":{"self":[{"href":"https:\/\/www.egemtv.com\/index.php?rest_route=\/wp\/v2\/posts\/36854","targetHints":{"allow":["GET"]}}],"collection":[{"href":"https:\/\/www.egemtv.com\/index.php?rest_route=\/wp\/v2\/posts"}],"about":[{"href":"https:\/\/www.egemtv.com\/index.php?rest_route=\/wp\/v2\/types\/post"}],"author":[{"embeddable":true,"href":"https:\/\/www.egemtv.com\/index.php?rest_route=\/wp\/v2\/users\/1"}],"replies":[{"embeddable":true,"href":"https:\/\/www.egemtv.com\/index.php?rest_route=%2Fwp%2Fv2%2Fcomments&post=36854"}],"version-history":[{"count":1,"href":"https:\/\/www.egemtv.com\/index.php?rest_route=\/wp\/v2\/posts\/36854\/revisions"}],"predecessor-version":[{"id":36856,"href":"https:\/\/www.egemtv.com\/index.php?rest_route=\/wp\/v2\/posts\/36854\/revisions\/36856"}],"wp:featuredmedia":[{"embeddable":true,"href":"https:\/\/www.egemtv.com\/index.php?rest_route=\/wp\/v2\/media\/36855"}],"wp:attachment":[{"href":"https:\/\/www.egemtv.com\/index.php?rest_route=%2Fwp%2Fv2%2Fmedia&parent=36854"}],"wp:term":[{"taxonomy":"category","embeddable":true,"href":"https:\/\/www.egemtv.com\/index.php?rest_route=%2Fwp%2Fv2%2Fcategories&post=36854"},{"taxonomy":"post_tag","embeddable":true,"href":"https:\/\/www.egemtv.com\/index.php?rest_route=%2Fwp%2Fv2%2Ftags&post=36854"}],"curies":[{"name":"wp","href":"https:\/\/api.w.org\/{rel}","templated":true}]}}