{"id":36851,"date":"2025-06-21T19:35:39","date_gmt":"2025-06-21T16:35:39","guid":{"rendered":"https:\/\/www.egemtv.com\/?p=36851"},"modified":"2025-06-21T19:35:44","modified_gmt":"2025-06-21T16:35:44","slug":"dunya-motosurf-sampiyonasi-cesmede-renkli-goruntulerle-start-aldi","status":"publish","type":"post","link":"https:\/\/www.egemtv.com\/?p=36851","title":{"rendered":"D\u00fcnya Motosurf \u015eampiyonas\u0131 \u00c7e\u015fme\u2019de renkli g\u00f6r\u00fcnt\u00fclerle start ald\u0131"},"content":{"rendered":"<p>T\u00fcrkiye Motosiklet Federasyonu\u2019nun (TMF) ev sahipli\u011finde T\u00fcrkiye\u2019de ilk kez d\u00fczenlenen D\u00fcnya Motosurf \u015eampiyonas\u0131, \u0130zmir\u2019in g\u00f6zde turizm merkezlerinden \u00c7e\u015fme\u2019de ger\u00e7ekle\u015ftirildi.<br \/>\n<br \/>\u00c7e\u015fme Alt\u0131nkum Plaj\u0131\u2019ndaki Fun Beach\u2019de \u0130zelta\u015f\u2019\u0131n destekleriyle hayata ge\u00e7irilen organizasyon, hem su sporlar\u0131 tutkunlar\u0131n\u0131 hem de adrenalin severleri bir araya getirdi. T\u00fcrkiye Motosiklet Federasyonu \u00f6nc\u00fcl\u00fc\u011f\u00fcnde d\u00fczenlenen \u015fampiyona, renkli g\u00f6r\u00fcnt\u00fclere sahne oldu.<br \/>\n<br \/>T\u00fcrkiye d\u00e2hil 17 \u00fclkeden 80 sporcunun kat\u0131ld\u0131\u011f\u0131 \u015fampiyonada, 10 T\u00fcrk sporcu da farkl\u0131 kategorilerde yar\u0131\u015farak zorlu m\u00fccadelelerde ter d\u00f6kt\u00fc. Sahil boyunca toplanan vatanda\u015flar yar\u0131\u015flar\u0131 b\u00fcy\u00fck bir heyecanla takip etti. \u015eampiyonan\u0131n ilk g\u00fcn\u00fc k\u0131yas\u0131ya rekabete sahne olurken, organizasyonun final etab\u0131 yar\u0131n sabah ba\u015flayacak yar\u0131\u015flarla devam edecek ve \u00f6d\u00fcl t\u00f6reniyle sona erecek.<\/p>\n<p>\u0130lk g\u00fcn yar\u0131\u015f sonu\u00e7lar\u0131:<br \/>\n<br \/>Kim Down 54 puan<br \/>\n<br \/>Schenider Kamil 41 Puan<br \/>\n<br \/>Poznik Petr 39<br \/>\n<br \/>Poznik David 35<br \/>\n<br \/>Stovicek Jiri 33<br \/>\n<br \/>Vankersbilck  Yano 32<br \/>\n<br \/>Faltejsek Petr 31<br \/>\n<br \/>G\u00fcrsoy Efe 31<br \/>\n<br \/>Janora Arkadiusz 27<br \/>\n<br \/>Blaha Jiri 27<br \/>\n<br \/>Loucka Radek 24<br \/>\n<br \/>Murat Yorganc\u0131lar 22<br \/>\n<br \/>Lux Sebastian 20<br \/>\n<br \/>Lichal-Kratochvil Roman-20<br \/>\n<br \/>Burk Ted-17<br \/>\n<br \/>Ganichkin Stanislav-15<br \/>\n<br \/>Erus Osman Sedat-10<br \/>\n<br \/>Entwistle Mark -9<br \/>\n<br \/>Olimphant Stewart-8<br \/>\n<br \/>Ng Chio Hong-8<br \/>\n<br \/>Matoska Pavel-8<br \/>\n<br \/>Antonov Nikita-7<br \/>\n<br \/>Yun Jin-6<br \/>\n<br \/>\u00d6zcan Erhan-3<br \/><\/p>\n","protected":false},"excerpt":{"rendered":"<p>T\u00fcrkiye Motosiklet Federasyonu\u2019nun (TMF) ev sahipli\u011finde T\u00fcrkiye\u2019de ilk kez d\u00fczenlenen D\u00fcnya Motosurf \u015eampiyonas\u0131, \u0130zmir\u2019in g\u00f6zde turizm merkezlerinden \u00c7e\u015fme\u2019de ger\u00e7ekle\u015ftirildi. \u00c7e\u015fme Alt\u0131nkum Plaj\u0131\u2019ndaki Fun Beach\u2019de \u0130zelta\u015f\u2019\u0131n destekleriyle hayata ge\u00e7irilen organizasyon, hem su sporlar\u0131 tutkunlar\u0131n\u0131 hem de adrenalin severleri bir araya getirdi. T\u00fcrkiye Motosiklet Federasyonu \u00f6nc\u00fcl\u00fc\u011f\u00fcnde d\u00fczenlenen \u015fampiyona, renkli g\u00f6r\u00fcnt\u00fclere sahne oldu. T\u00fcrkiye d\u00e2hil 17 \u00fclkeden 80&#8230;<\/p>\n","protected":false},"author":1,"featured_media":36852,"comment_status":"open","ping_status":"open","sticky":false,"template":"","format":"standard","meta":{"_crdt_document":"","footnotes":""},"categories":[4],"tags":[],"class_list":["post-36851","post","type-post","status-publish","format-standard","has-post-thumbnail","hentry","category-spor"],"_links":{"self":[{"href":"https:\/\/www.egemtv.com\/index.php?rest_route=\/wp\/v2\/posts\/36851","targetHints":{"allow":["GET"]}}],"collection":[{"href":"https:\/\/www.egemtv.com\/index.php?rest_route=\/wp\/v2\/posts"}],"about":[{"href":"https:\/\/www.egemtv.com\/index.php?rest_route=\/wp\/v2\/types\/post"}],"author":[{"embeddable":true,"href":"https:\/\/www.egemtv.com\/index.php?rest_route=\/wp\/v2\/users\/1"}],"replies":[{"embeddable":true,"href":"https:\/\/www.egemtv.com\/index.php?rest_route=%2Fwp%2Fv2%2Fcomments&post=36851"}],"version-history":[{"count":1,"href":"https:\/\/www.egemtv.com\/index.php?rest_route=\/wp\/v2\/posts\/36851\/revisions"}],"predecessor-version":[{"id":36853,"href":"https:\/\/www.egemtv.com\/index.php?rest_route=\/wp\/v2\/posts\/36851\/revisions\/36853"}],"wp:featuredmedia":[{"embeddable":true,"href":"https:\/\/www.egemtv.com\/index.php?rest_route=\/wp\/v2\/media\/36852"}],"wp:attachment":[{"href":"https:\/\/www.egemtv.com\/index.php?rest_route=%2Fwp%2Fv2%2Fmedia&parent=36851"}],"wp:term":[{"taxonomy":"category","embeddable":true,"href":"https:\/\/www.egemtv.com\/index.php?rest_route=%2Fwp%2Fv2%2Fcategories&post=36851"},{"taxonomy":"post_tag","embeddable":true,"href":"https:\/\/www.egemtv.com\/index.php?rest_route=%2Fwp%2Fv2%2Ftags&post=36851"}],"curies":[{"name":"wp","href":"https:\/\/api.w.org\/{rel}","templated":true}]}}