{"id":36848,"date":"2025-06-21T19:35:35","date_gmt":"2025-06-21T16:35:35","guid":{"rendered":"https:\/\/www.egemtv.com\/?p=36848"},"modified":"2025-06-21T19:35:39","modified_gmt":"2025-06-21T16:35:39","slug":"marmarisin-kultur-sanat-temsilcisi-altinoz-sevenleri-tarafindan-topraga-verildi","status":"publish","type":"post","link":"https:\/\/www.egemtv.com\/?p=36848","title":{"rendered":"Marmaris\u2019in K\u00fclt\u00fcr sanat temsilcisi Alt\u0131n\u00f6z sevenleri taraf\u0131ndan topra\u011fa verildi"},"content":{"rendered":"<p>Mu\u011fla\u2019n\u0131n Marmaris il\u00e7esinde Marmaris Filarmoni Derne\u011fi kurucusu ve ba\u015fkan\u0131 ayn\u0131 zamanda gazeteci Ahmet Ya\u015far Alt\u0131n\u00f6z d\u00fcn ak\u015fam ge\u00e7irdi\u011fi kalp krizi sonras\u0131nda hayata veda etmi\u015fti. Marmaris\u2019in k\u00fclt\u00fcr sanat el\u00e7isi Alt\u0131n\u00f6z bug\u00fcn ebediyete u\u011furland\u0131.<br \/>\n<br \/>Marmaris\u2019te Marmaris Filarmoni Derne\u011fi Ba\u015fkan\u0131, keman virt\u00fc\u00f6z\u00fc ve gazeteci iki \u00e7ocuk babas\u0131 Ahmet Alt\u0131n\u00f6z\u2019\u00fcn Armutalan camiinde ikindi namaz\u0131na m\u00fcteakip k\u0131l\u0131nan cenaze namaz\u0131na ailesi, Marmaris Kaymakam\u0131 Nurullah Kaya, il\u00e7e protokol\u00fc yan\u0131 s\u0131ra, meslekta\u015flar\u0131, sanat camias\u0131ndan isimler ve m\u00fczik dersi verdi\u011fi \u00f6\u011frencileri kat\u0131ld\u0131.<br \/>\n<br \/>\u2018Marmaris sanat\u0131n\u0131n bir dal\u0131 k\u0131r\u0131ld\u0131\u2019<br \/>\n<br \/>Kayb\u0131n\u0131n Marmaris\u2019te b\u00fcy\u00fck \u00fcz\u00fcnt\u00fcye neden oldu\u011fu, k\u00fclt\u00fcr Sanat ve gazetecilik alan\u0131nda il\u00e7eye uzun y\u0131llar emek veren 76 ya\u015f\u0131ndaki Alt\u0131n\u00f6z\u2019\u00fcn  Armutalan camiinde cenazesine kat\u0131lan isimlerden  ressam ve gazeteci Oya Dirikcan, &#8220;\u00c7ok \u00fczg\u00fcn\u00fcz b\u00fct\u00fcn Marmaris\u2019in ba\u015f\u0131 Sa\u011f olsun. Marmaris bir sanat emek\u00e7isini kaybetti, Marmaris\u2019te sanat\u0131n bir dal\u0131 k\u0131r\u0131ld\u0131. \u00c7ok sevdik kendisini, nurlarda uyusun hepimizin ba\u015f\u0131 Sa\u011f olsun\u2019\u2019 diyerek \u00fcz\u00fcnt\u00fcs\u00fcn\u00fc dile getirdi.<br \/>\n<br \/>&#8220;Arkamdan a\u011flamay\u0131n demi\u015fti&#8221;<br \/>\n<br \/>Ayn\u0131 zamanda m\u00fczik dersleri de veren usta virt\u00fc\u00f6z Ahmet Ya\u015far Alt\u0131n\u00f6z\u2019\u00fcn cenazesine kat\u0131lan \u00f6\u011frencileri g\u00f6zya\u015flar\u0131 i\u00e7inde \u00f6\u011fretmenlerini \u00e7ok sevdiklerini, her zaman g\u00fcler y\u00fcz\u00fc ve \u015fakac\u0131 tav\u0131rlar\u0131 ile hat\u0131rlayacaklar\u0131n\u0131 belirterek, &#8220;\u00d6ncelikle nurlar i\u00e7inde yats\u0131n kendisi i\u00e7in \u00e7ok \u00fczg\u00fcn\u00fcz, onun gibi bir \u00f6\u011fretmen daha zor bulaca\u011f\u0131m\u0131z\u0131 d\u00fc\u015f\u00fcn\u00fcyoruz&#8221; dediler.<br \/>\n<br \/>Marmaris\u2019te bir\u00e7ok k\u00fclt\u00fcr ve sanat festivalinde aktif rol \u00fcstlenen, konserler d\u00fczenleyen ve ayn\u0131 zamanda gazetecilik mesle\u011fini de s\u00fcrd\u00fcren Ahmet Alt\u0131n\u00f6z\u2019\u00fcn cenazesi, ikindi namaz\u0131na m\u00fcteakip Armutalan Camii\u2019nde k\u0131l\u0131nan cenaze namaz\u0131n\u0131n ard\u0131ndan Armutalan mezarl\u0131\u011f\u0131nda topra\u011fa verildi.<\/p>\n","protected":false},"excerpt":{"rendered":"<p>Mu\u011fla\u2019n\u0131n Marmaris il\u00e7esinde Marmaris Filarmoni Derne\u011fi kurucusu ve ba\u015fkan\u0131 ayn\u0131 zamanda gazeteci Ahmet Ya\u015far Alt\u0131n\u00f6z d\u00fcn ak\u015fam ge\u00e7irdi\u011fi kalp krizi sonras\u0131nda hayata veda etmi\u015fti. Marmaris\u2019in k\u00fclt\u00fcr sanat el\u00e7isi Alt\u0131n\u00f6z bug\u00fcn ebediyete u\u011furland\u0131. Marmaris\u2019te Marmaris Filarmoni Derne\u011fi Ba\u015fkan\u0131, keman virt\u00fc\u00f6z\u00fc ve gazeteci iki \u00e7ocuk babas\u0131 Ahmet Alt\u0131n\u00f6z\u2019\u00fcn Armutalan camiinde ikindi namaz\u0131na m\u00fcteakip k\u0131l\u0131nan cenaze namaz\u0131na ailesi,&#8230;<\/p>\n","protected":false},"author":1,"featured_media":36849,"comment_status":"open","ping_status":"open","sticky":false,"template":"","format":"standard","meta":{"_crdt_document":"","footnotes":""},"categories":[123],"tags":[],"class_list":["post-36848","post","type-post","status-publish","format-standard","has-post-thumbnail","hentry","category-gundem"],"_links":{"self":[{"href":"https:\/\/www.egemtv.com\/index.php?rest_route=\/wp\/v2\/posts\/36848","targetHints":{"allow":["GET"]}}],"collection":[{"href":"https:\/\/www.egemtv.com\/index.php?rest_route=\/wp\/v2\/posts"}],"about":[{"href":"https:\/\/www.egemtv.com\/index.php?rest_route=\/wp\/v2\/types\/post"}],"author":[{"embeddable":true,"href":"https:\/\/www.egemtv.com\/index.php?rest_route=\/wp\/v2\/users\/1"}],"replies":[{"embeddable":true,"href":"https:\/\/www.egemtv.com\/index.php?rest_route=%2Fwp%2Fv2%2Fcomments&post=36848"}],"version-history":[{"count":1,"href":"https:\/\/www.egemtv.com\/index.php?rest_route=\/wp\/v2\/posts\/36848\/revisions"}],"predecessor-version":[{"id":36850,"href":"https:\/\/www.egemtv.com\/index.php?rest_route=\/wp\/v2\/posts\/36848\/revisions\/36850"}],"wp:featuredmedia":[{"embeddable":true,"href":"https:\/\/www.egemtv.com\/index.php?rest_route=\/wp\/v2\/media\/36849"}],"wp:attachment":[{"href":"https:\/\/www.egemtv.com\/index.php?rest_route=%2Fwp%2Fv2%2Fmedia&parent=36848"}],"wp:term":[{"taxonomy":"category","embeddable":true,"href":"https:\/\/www.egemtv.com\/index.php?rest_route=%2Fwp%2Fv2%2Fcategories&post=36848"},{"taxonomy":"post_tag","embeddable":true,"href":"https:\/\/www.egemtv.com\/index.php?rest_route=%2Fwp%2Fv2%2Ftags&post=36848"}],"curies":[{"name":"wp","href":"https:\/\/api.w.org\/{rel}","templated":true}]}}