{"id":36845,"date":"2025-06-21T19:14:35","date_gmt":"2025-06-21T16:14:35","guid":{"rendered":"https:\/\/www.egemtv.com\/?p=36845"},"modified":"2025-06-21T19:14:44","modified_gmt":"2025-06-21T16:14:44","slug":"kusadasi-kadinlar-denizinde-2-kisi-boguldu","status":"publish","type":"post","link":"https:\/\/www.egemtv.com\/?p=36845","title":{"rendered":"Ku\u015fadas\u0131 Kad\u0131nlar Denizi\u2019nde 2 ki\u015fi bo\u011fuldu"},"content":{"rendered":"<p>Ayd\u0131n\u2019\u0131n Ku\u015fadas\u0131 il\u00e7esinde 2 ki\u015fi serinlemek i\u00e7in girdikleri Kad\u0131nlar Denizi\u2019nde bo\u011fuldu.<br \/>\n<br \/>Olay, Kad\u0131nlar Denizi Mahallesi\u2019nde bulunan Kad\u0131nlar Denizi plaj\u0131nda saat 17.30 s\u0131ralar\u0131nda meydana geldi. Edinilen bilgiye g\u00f6re, serinlemek i\u00e7in denize giren 61 ya\u015f\u0131ndaki Ya\u015far Eyiol ile 47 ya\u015f\u0131ndaki Sami Ko\u00e7u\u2019yu suyun \u00fczerinde hareketsiz g\u00f6ren vatanda\u015flar durumu 112 acil sa\u011fl\u0131k ekiplerine bildirdi. Denizden vatanda\u015flar ve cankurtaranlar taraf\u0131ndan \u00e7\u0131kar\u0131lan iki ki\u015fiye suni teneff\u00fcs ve kalp masaj\u0131 yap\u0131ld\u0131. Olay yerine gelen ambulans ekipleri yapt\u0131\u011f\u0131 kontrollerde Ya\u015far Eyiol ve Sami Ko\u00e7u\u2019nun hayat\u0131n\u0131 kaybetti\u011fini belirledi.<br \/><\/p>\n","protected":false},"excerpt":{"rendered":"<p>Ayd\u0131n\u2019\u0131n Ku\u015fadas\u0131 il\u00e7esinde 2 ki\u015fi serinlemek i\u00e7in girdikleri Kad\u0131nlar Denizi\u2019nde bo\u011fuldu. Olay, Kad\u0131nlar Denizi Mahallesi\u2019nde bulunan Kad\u0131nlar Denizi plaj\u0131nda saat 17.30 s\u0131ralar\u0131nda meydana geldi. Edinilen bilgiye g\u00f6re, serinlemek i\u00e7in denize giren 61 ya\u015f\u0131ndaki Ya\u015far Eyiol ile 47 ya\u015f\u0131ndaki Sami Ko\u00e7u\u2019yu suyun \u00fczerinde hareketsiz g\u00f6ren vatanda\u015flar durumu 112 acil sa\u011fl\u0131k ekiplerine bildirdi. Denizden vatanda\u015flar ve cankurtaranlar&#8230;<\/p>\n","protected":false},"author":1,"featured_media":36846,"comment_status":"open","ping_status":"open","sticky":false,"template":"","format":"standard","meta":{"_crdt_document":"","footnotes":""},"categories":[5],"tags":[],"class_list":["post-36845","post","type-post","status-publish","format-standard","has-post-thumbnail","hentry","category-asayis"],"_links":{"self":[{"href":"https:\/\/www.egemtv.com\/index.php?rest_route=\/wp\/v2\/posts\/36845","targetHints":{"allow":["GET"]}}],"collection":[{"href":"https:\/\/www.egemtv.com\/index.php?rest_route=\/wp\/v2\/posts"}],"about":[{"href":"https:\/\/www.egemtv.com\/index.php?rest_route=\/wp\/v2\/types\/post"}],"author":[{"embeddable":true,"href":"https:\/\/www.egemtv.com\/index.php?rest_route=\/wp\/v2\/users\/1"}],"replies":[{"embeddable":true,"href":"https:\/\/www.egemtv.com\/index.php?rest_route=%2Fwp%2Fv2%2Fcomments&post=36845"}],"version-history":[{"count":1,"href":"https:\/\/www.egemtv.com\/index.php?rest_route=\/wp\/v2\/posts\/36845\/revisions"}],"predecessor-version":[{"id":36847,"href":"https:\/\/www.egemtv.com\/index.php?rest_route=\/wp\/v2\/posts\/36845\/revisions\/36847"}],"wp:featuredmedia":[{"embeddable":true,"href":"https:\/\/www.egemtv.com\/index.php?rest_route=\/wp\/v2\/media\/36846"}],"wp:attachment":[{"href":"https:\/\/www.egemtv.com\/index.php?rest_route=%2Fwp%2Fv2%2Fmedia&parent=36845"}],"wp:term":[{"taxonomy":"category","embeddable":true,"href":"https:\/\/www.egemtv.com\/index.php?rest_route=%2Fwp%2Fv2%2Fcategories&post=36845"},{"taxonomy":"post_tag","embeddable":true,"href":"https:\/\/www.egemtv.com\/index.php?rest_route=%2Fwp%2Fv2%2Ftags&post=36845"}],"curies":[{"name":"wp","href":"https:\/\/api.w.org\/{rel}","templated":true}]}}