{"id":36842,"date":"2025-06-21T18:54:47","date_gmt":"2025-06-21T15:54:47","guid":{"rendered":"https:\/\/www.egemtv.com\/?p=36842"},"modified":"2025-06-21T18:54:51","modified_gmt":"2025-06-21T15:54:51","slug":"denizlide-300-kadin-ayni-anda-yoga-yapti","status":"publish","type":"post","link":"https:\/\/www.egemtv.com\/?p=36842","title":{"rendered":"Denizli\u2019de 300 kad\u0131n ayn\u0131 anda yoga yapt\u0131"},"content":{"rendered":"<p>Denizli\u2019de D\u00fcnya Yoga G\u00fcn\u00fc kapsam\u0131nda \u00c7aml\u0131k Park\u0131nda d\u00fczenlenen etkinlikte, 300 kad\u0131n ayn\u0131 anda yoga yapt\u0131.<\/p>\n<p>Denizli\u2019de bir belediye taraf\u0131ndan  &#8220;D\u00fcnya Yoga G\u00fcn\u00fc&#8221; kapsam\u0131nda d\u00fczenlenen yoga etkinli\u011fi, vatanda\u015flardan b\u00fcy\u00fck ilgi g\u00f6rd\u00fc. \u00c7aml\u0131k Park\u0131\u2019nda ger\u00e7ekle\u015ftirilen etkinli\u011fe yakla\u015f\u0131k 300 kad\u0131n kat\u0131ld\u0131. Etkinli\u011fe yoga kurslar\u0131na kat\u0131lan kad\u0131n kursiyerlerin yan\u0131 s\u0131ra yoga yapmaya ilgi duyan vatanda\u015flar da kat\u0131ld\u0131.<\/p>\n<p>Do\u011fayla i\u00e7 i\u00e7e bir atmosferde ger\u00e7ekle\u015ftirilen toplu yoga \u00e7al\u0131\u015fmas\u0131nda, kat\u0131l\u0131mc\u0131lar uzman e\u011fitmenler e\u015fli\u011finde hem bedensel hem de zihinsel fark\u0131ndal\u0131k kazanma f\u0131rsat\u0131 buldu. Kat\u0131l\u0131mc\u0131lar, g\u00fcn\u00fcn stresinden uzakla\u015f\u0131p kendilerine zaman ay\u0131rman\u0131n mutlulu\u011funu ya\u015farken, etkinlik sonunda memnuniyetlerini dile getirdiler. D\u00fcnya Yoga G\u00fcn\u00fc vesilesiyle d\u00fczenlenen bu etkinlik ile fark\u0131ndal\u0131k olu\u015fturulurken kat\u0131l\u0131mc\u0131lara keyifli ve sa\u011fl\u0131kl\u0131 bir deneyim sunuldu.<br \/><\/p>\n","protected":false},"excerpt":{"rendered":"<p>Denizli\u2019de D\u00fcnya Yoga G\u00fcn\u00fc kapsam\u0131nda \u00c7aml\u0131k Park\u0131nda d\u00fczenlenen etkinlikte, 300 kad\u0131n ayn\u0131 anda yoga yapt\u0131. Denizli\u2019de bir belediye taraf\u0131ndan &#8220;D\u00fcnya Yoga G\u00fcn\u00fc&#8221; kapsam\u0131nda d\u00fczenlenen yoga etkinli\u011fi, vatanda\u015flardan b\u00fcy\u00fck ilgi g\u00f6rd\u00fc. \u00c7aml\u0131k Park\u0131\u2019nda ger\u00e7ekle\u015ftirilen etkinli\u011fe yakla\u015f\u0131k 300 kad\u0131n kat\u0131ld\u0131. Etkinli\u011fe yoga kurslar\u0131na kat\u0131lan kad\u0131n kursiyerlerin yan\u0131 s\u0131ra yoga yapmaya ilgi duyan vatanda\u015flar da kat\u0131ld\u0131. Do\u011fayla i\u00e7&#8230;<\/p>\n","protected":false},"author":1,"featured_media":36843,"comment_status":"open","ping_status":"open","sticky":false,"template":"","format":"standard","meta":{"_crdt_document":"","footnotes":""},"categories":[4],"tags":[],"class_list":["post-36842","post","type-post","status-publish","format-standard","has-post-thumbnail","hentry","category-spor"],"_links":{"self":[{"href":"https:\/\/www.egemtv.com\/index.php?rest_route=\/wp\/v2\/posts\/36842","targetHints":{"allow":["GET"]}}],"collection":[{"href":"https:\/\/www.egemtv.com\/index.php?rest_route=\/wp\/v2\/posts"}],"about":[{"href":"https:\/\/www.egemtv.com\/index.php?rest_route=\/wp\/v2\/types\/post"}],"author":[{"embeddable":true,"href":"https:\/\/www.egemtv.com\/index.php?rest_route=\/wp\/v2\/users\/1"}],"replies":[{"embeddable":true,"href":"https:\/\/www.egemtv.com\/index.php?rest_route=%2Fwp%2Fv2%2Fcomments&post=36842"}],"version-history":[{"count":1,"href":"https:\/\/www.egemtv.com\/index.php?rest_route=\/wp\/v2\/posts\/36842\/revisions"}],"predecessor-version":[{"id":36844,"href":"https:\/\/www.egemtv.com\/index.php?rest_route=\/wp\/v2\/posts\/36842\/revisions\/36844"}],"wp:featuredmedia":[{"embeddable":true,"href":"https:\/\/www.egemtv.com\/index.php?rest_route=\/wp\/v2\/media\/36843"}],"wp:attachment":[{"href":"https:\/\/www.egemtv.com\/index.php?rest_route=%2Fwp%2Fv2%2Fmedia&parent=36842"}],"wp:term":[{"taxonomy":"category","embeddable":true,"href":"https:\/\/www.egemtv.com\/index.php?rest_route=%2Fwp%2Fv2%2Fcategories&post=36842"},{"taxonomy":"post_tag","embeddable":true,"href":"https:\/\/www.egemtv.com\/index.php?rest_route=%2Fwp%2Fv2%2Ftags&post=36842"}],"curies":[{"name":"wp","href":"https:\/\/api.w.org\/{rel}","templated":true}]}}