{"id":36839,"date":"2025-06-21T18:54:44","date_gmt":"2025-06-21T15:54:44","guid":{"rendered":"https:\/\/www.egemtv.com\/?p=36839"},"modified":"2025-06-21T18:54:47","modified_gmt":"2025-06-21T15:54:47","slug":"fethiyede-cinayet-zanlisi-tutuklandi","status":"publish","type":"post","link":"https:\/\/www.egemtv.com\/?p=36839","title":{"rendered":"Fethiye\u2019de cinayet zanl\u0131s\u0131 tutukland\u0131"},"content":{"rendered":"<p>Fethiye\u2019de evine misafir olarak gelen arkada\u015f\u0131n\u0131 b\u0131\u00e7aklayarak \u00f6ld\u00fcrd\u00fc\u011f\u00fc iddias\u0131yla g\u00f6zalt\u0131na al\u0131nan \u015f\u00fcpheli, \u00e7\u0131kar\u0131ld\u0131\u011f\u0131 mahkemece tutukland\u0131.<br \/>\n<br \/>\u0130ddialara g\u00f6re, G\u00f6cek Mahallesi\u2019nde B.E.B. (30), evine misafir olarak gelen arkada\u015f\u0131 \u00d6mer Bayram Fidan\u2019\u0131 (23) \u00e7\u0131kan tart\u0131\u015fma sonras\u0131 b\u0131\u00e7aklayarak \u00f6ld\u00fcrd\u00fc. Olay sonras\u0131 ka\u00e7an \u015f\u00fcpheli, jandarma ekiplerinin \u00e7al\u0131\u015fmas\u0131yla Antalya\u2019da yakalanarak g\u00f6zalt\u0131na al\u0131nd\u0131.<br \/>\n<br \/>Emniyetteki i\u015flemlerinin ard\u0131ndan adliyeye sevk edilen B.E.B., \u00e7\u0131kar\u0131ld\u0131\u011f\u0131 n\u00f6bet\u00e7i sulh ceza hakimli\u011fince tutuklanarak cezaevine g\u00f6nderildi.<br \/><\/p>\n","protected":false},"excerpt":{"rendered":"<p>Fethiye\u2019de evine misafir olarak gelen arkada\u015f\u0131n\u0131 b\u0131\u00e7aklayarak \u00f6ld\u00fcrd\u00fc\u011f\u00fc iddias\u0131yla g\u00f6zalt\u0131na al\u0131nan \u015f\u00fcpheli, \u00e7\u0131kar\u0131ld\u0131\u011f\u0131 mahkemece tutukland\u0131. \u0130ddialara g\u00f6re, G\u00f6cek Mahallesi\u2019nde B.E.B. (30), evine misafir olarak gelen arkada\u015f\u0131 \u00d6mer Bayram Fidan\u2019\u0131 (23) \u00e7\u0131kan tart\u0131\u015fma sonras\u0131 b\u0131\u00e7aklayarak \u00f6ld\u00fcrd\u00fc. Olay sonras\u0131 ka\u00e7an \u015f\u00fcpheli, jandarma ekiplerinin \u00e7al\u0131\u015fmas\u0131yla Antalya\u2019da yakalanarak g\u00f6zalt\u0131na al\u0131nd\u0131. Emniyetteki i\u015flemlerinin ard\u0131ndan adliyeye sevk edilen B.E.B., \u00e7\u0131kar\u0131ld\u0131\u011f\u0131 n\u00f6bet\u00e7i&#8230;<\/p>\n","protected":false},"author":1,"featured_media":36840,"comment_status":"open","ping_status":"open","sticky":false,"template":"","format":"standard","meta":{"_crdt_document":"","footnotes":""},"categories":[5],"tags":[],"class_list":["post-36839","post","type-post","status-publish","format-standard","has-post-thumbnail","hentry","category-asayis"],"_links":{"self":[{"href":"https:\/\/www.egemtv.com\/index.php?rest_route=\/wp\/v2\/posts\/36839","targetHints":{"allow":["GET"]}}],"collection":[{"href":"https:\/\/www.egemtv.com\/index.php?rest_route=\/wp\/v2\/posts"}],"about":[{"href":"https:\/\/www.egemtv.com\/index.php?rest_route=\/wp\/v2\/types\/post"}],"author":[{"embeddable":true,"href":"https:\/\/www.egemtv.com\/index.php?rest_route=\/wp\/v2\/users\/1"}],"replies":[{"embeddable":true,"href":"https:\/\/www.egemtv.com\/index.php?rest_route=%2Fwp%2Fv2%2Fcomments&post=36839"}],"version-history":[{"count":1,"href":"https:\/\/www.egemtv.com\/index.php?rest_route=\/wp\/v2\/posts\/36839\/revisions"}],"predecessor-version":[{"id":36841,"href":"https:\/\/www.egemtv.com\/index.php?rest_route=\/wp\/v2\/posts\/36839\/revisions\/36841"}],"wp:featuredmedia":[{"embeddable":true,"href":"https:\/\/www.egemtv.com\/index.php?rest_route=\/wp\/v2\/media\/36840"}],"wp:attachment":[{"href":"https:\/\/www.egemtv.com\/index.php?rest_route=%2Fwp%2Fv2%2Fmedia&parent=36839"}],"wp:term":[{"taxonomy":"category","embeddable":true,"href":"https:\/\/www.egemtv.com\/index.php?rest_route=%2Fwp%2Fv2%2Fcategories&post=36839"},{"taxonomy":"post_tag","embeddable":true,"href":"https:\/\/www.egemtv.com\/index.php?rest_route=%2Fwp%2Fv2%2Ftags&post=36839"}],"curies":[{"name":"wp","href":"https:\/\/api.w.org\/{rel}","templated":true}]}}