{"id":36836,"date":"2025-06-21T18:34:45","date_gmt":"2025-06-21T15:34:45","guid":{"rendered":"https:\/\/www.egemtv.com\/?p=36836"},"modified":"2025-06-21T18:34:49","modified_gmt":"2025-06-21T15:34:49","slug":"aydinda-zirai-alandaki-yangin-buyuyor","status":"publish","type":"post","link":"https:\/\/www.egemtv.com\/?p=36836","title":{"rendered":"Ayd\u0131n\u2019da zirai alandaki yang\u0131n b\u00fcy\u00fcyor"},"content":{"rendered":"<p>Ayd\u0131n\u2019\u0131n Efeler il\u00e7esinde zirai alanda \u00e7\u0131kan yang\u0131n r\u00fczgar\u0131n da etkisiyle h\u0131zla yay\u0131l\u0131rken, alevlere havadan ve karadan yo\u011fun m\u00fcdahale devam ediyor.<br \/>\n<br \/>Edinilen bilgilere g\u00f6re, Savrandere mevkii yak\u0131nlar\u0131ndaki zirai alanda hen\u00fcz belirlenemeyen bir nedenle \u00e7\u0131kan yang\u0131n, k\u0131sa s\u00fcrede geni\u015f bir alana yay\u0131ld\u0131. R\u00fczgar\u0131n y\u00f6n de\u011fi\u015ftirmesiyle birlikte yang\u0131n kontrol alt\u0131na al\u0131nmakta g\u00fc\u00e7l\u00fck ya\u015fan\u0131rken, ekipler alevlerin yerle\u015fim alanlar\u0131na s\u0131\u00e7ramas\u0131n\u0131 engellemek i\u00e7in b\u00fcy\u00fck \u00e7aba sarf ediyor.<br \/>\n<br \/>Yang\u0131na karadan 15 araz\u00f6z, 6 su tankeri ve 5 dozer ile m\u00fcdahale edilirken, havadan ise 9 helikopter ve 5 yang\u0131n s\u00f6nd\u00fcrme u\u00e7a\u011f\u0131 b\u00f6lgede aktif olarak g\u00f6rev al\u0131yor.<br \/>\n<br \/>Ayd\u0131n B\u00fcy\u00fck\u015fehir Belediyesi \u0130tfaiye ekipleri ile birlikte Mu\u011fla Orman B\u00f6lge M\u00fcd\u00fcrl\u00fc\u011f\u00fc ve Orman Genel M\u00fcd\u00fcrl\u00fc\u011f\u00fc ekipleri koordineli \u015fekilde yang\u0131na m\u00fcdahale ediyor.<br \/><\/p>\n","protected":false},"excerpt":{"rendered":"<p>Ayd\u0131n\u2019\u0131n Efeler il\u00e7esinde zirai alanda \u00e7\u0131kan yang\u0131n r\u00fczgar\u0131n da etkisiyle h\u0131zla yay\u0131l\u0131rken, alevlere havadan ve karadan yo\u011fun m\u00fcdahale devam ediyor. Edinilen bilgilere g\u00f6re, Savrandere mevkii yak\u0131nlar\u0131ndaki zirai alanda hen\u00fcz belirlenemeyen bir nedenle \u00e7\u0131kan yang\u0131n, k\u0131sa s\u00fcrede geni\u015f bir alana yay\u0131ld\u0131. R\u00fczgar\u0131n y\u00f6n de\u011fi\u015ftirmesiyle birlikte yang\u0131n kontrol alt\u0131na al\u0131nmakta g\u00fc\u00e7l\u00fck ya\u015fan\u0131rken, ekipler alevlerin yerle\u015fim alanlar\u0131na s\u0131\u00e7ramas\u0131n\u0131&#8230;<\/p>\n","protected":false},"author":1,"featured_media":36837,"comment_status":"open","ping_status":"open","sticky":false,"template":"","format":"standard","meta":{"_crdt_document":"","footnotes":""},"categories":[5],"tags":[],"class_list":["post-36836","post","type-post","status-publish","format-standard","has-post-thumbnail","hentry","category-asayis"],"_links":{"self":[{"href":"https:\/\/www.egemtv.com\/index.php?rest_route=\/wp\/v2\/posts\/36836","targetHints":{"allow":["GET"]}}],"collection":[{"href":"https:\/\/www.egemtv.com\/index.php?rest_route=\/wp\/v2\/posts"}],"about":[{"href":"https:\/\/www.egemtv.com\/index.php?rest_route=\/wp\/v2\/types\/post"}],"author":[{"embeddable":true,"href":"https:\/\/www.egemtv.com\/index.php?rest_route=\/wp\/v2\/users\/1"}],"replies":[{"embeddable":true,"href":"https:\/\/www.egemtv.com\/index.php?rest_route=%2Fwp%2Fv2%2Fcomments&post=36836"}],"version-history":[{"count":1,"href":"https:\/\/www.egemtv.com\/index.php?rest_route=\/wp\/v2\/posts\/36836\/revisions"}],"predecessor-version":[{"id":36838,"href":"https:\/\/www.egemtv.com\/index.php?rest_route=\/wp\/v2\/posts\/36836\/revisions\/36838"}],"wp:featuredmedia":[{"embeddable":true,"href":"https:\/\/www.egemtv.com\/index.php?rest_route=\/wp\/v2\/media\/36837"}],"wp:attachment":[{"href":"https:\/\/www.egemtv.com\/index.php?rest_route=%2Fwp%2Fv2%2Fmedia&parent=36836"}],"wp:term":[{"taxonomy":"category","embeddable":true,"href":"https:\/\/www.egemtv.com\/index.php?rest_route=%2Fwp%2Fv2%2Fcategories&post=36836"},{"taxonomy":"post_tag","embeddable":true,"href":"https:\/\/www.egemtv.com\/index.php?rest_route=%2Fwp%2Fv2%2Ftags&post=36836"}],"curies":[{"name":"wp","href":"https:\/\/api.w.org\/{rel}","templated":true}]}}