{"id":36833,"date":"2025-06-21T17:55:34","date_gmt":"2025-06-21T14:55:34","guid":{"rendered":"https:\/\/www.egemtv.com\/?p=36833"},"modified":"2025-06-21T17:55:39","modified_gmt":"2025-06-21T14:55:39","slug":"aniz-ve-orman-yanginlarina-karsi-manisada-bicerdoverlere-siki-denetim","status":"publish","type":"post","link":"https:\/\/www.egemtv.com\/?p=36833","title":{"rendered":"An\u0131z ve orman yang\u0131nlar\u0131na kar\u015f\u0131, Manisa\u2019da \u2018Bi\u00e7erd\u00f6verlere\u2019 s\u0131k\u0131 denetim"},"content":{"rendered":"<p>Manisa\u2019n\u0131n Salihli \u0130l\u00e7e Tar\u0131m ve Orman M\u00fcd\u00fcrl\u00fc\u011f\u00fc, b\u00f6lgedeki hububat hasad\u0131 sezonunun ba\u015flamas\u0131yla birlikte bi\u00e7erd\u00f6ver denetimlerini art\u0131rd\u0131. Hem verim kayb\u0131n\u0131 azaltmak hem de \u00e7\u0131kabilecek yang\u0131nlara kar\u015f\u0131 \u00f6nlem almak amac\u0131yla yap\u0131lan denetimlerde, s\u00fcr\u00fcc\u00fc belgeleri, dane kay\u0131plar\u0131 ve yang\u0131n g\u00fcvenli\u011fi \u00f6n planda tutuluyor.<br \/>\n<br \/>M\u00fcd\u00fcrl\u00fck, bi\u00e7erd\u00f6ver operat\u00f6rlerinin Bi\u00e7erd\u00f6ver Operat\u00f6r Belgesi ya da G s\u0131n\u0131f\u0131 s\u00fcr\u00fcc\u00fc belgesi olmadan hasat yapmalar\u0131na kesinlikle izin verilmeyece\u011fini belirtti. Ayr\u0131ca hasat s\u0131ras\u0131nda olu\u015fan dane kayb\u0131 oran\u0131n\u0131n %2\u2019yi ge\u00e7memesi gerekti\u011fi vurguland\u0131.<br \/>\n<br \/>Bi\u00e7erd\u00f6verlerde en az iki adet 6 kilograml\u0131k dolu yang\u0131n t\u00fcp\u00fc bulundurman\u0131n zorunlu hale getirildi\u011fi bildirildi. M\u00fcd\u00fcrl\u00fck, \u00f6zellikle artan hava s\u0131cakl\u0131klar\u0131n\u0131n yang\u0131n riskini y\u00fckseltti\u011fine dikkat \u00e7ekerek, \u00fcreticileri ve bi\u00e7erd\u00f6ver sahiplerini \u015fu konularda uyard\u0131: Hasat s\u0131ras\u0131nda tarlada dolu su tankeri bulundurulmal\u0131, Arazide sigara i\u00e7ilmemeli, Bi\u00e7im y\u00fcksekli\u011fi arazi yap\u0131s\u0131na g\u00f6re ayarlanmal\u0131, A\u015f\u0131r\u0131 s\u0131cakl\u0131k ve \u015fiddetli r\u00fczgar anlar\u0131nda bi\u00e7ime ara verilmeli.<br \/>\n<br \/>Salihli \u0130l\u00e7e Tar\u0131m ve Orman M\u00fcd\u00fcrl\u00fc\u011f\u00fc, \u00fcreticilerin bu kurallara uymalar\u0131n\u0131n hem kendi \u00fcr\u00fcnleri hem de \u00e7evredeki alanlar i\u00e7in b\u00fcy\u00fck \u00f6nem ta\u015f\u0131d\u0131\u011f\u0131n\u0131 belirtti. Denetimlerin hasat s\u00fcreci boyunca aral\u0131ks\u0131z devam edece\u011fi bildirildi.<br \/><\/p>\n","protected":false},"excerpt":{"rendered":"<p>Manisa\u2019n\u0131n Salihli \u0130l\u00e7e Tar\u0131m ve Orman M\u00fcd\u00fcrl\u00fc\u011f\u00fc, b\u00f6lgedeki hububat hasad\u0131 sezonunun ba\u015flamas\u0131yla birlikte bi\u00e7erd\u00f6ver denetimlerini art\u0131rd\u0131. Hem verim kayb\u0131n\u0131 azaltmak hem de \u00e7\u0131kabilecek yang\u0131nlara kar\u015f\u0131 \u00f6nlem almak amac\u0131yla yap\u0131lan denetimlerde, s\u00fcr\u00fcc\u00fc belgeleri, dane kay\u0131plar\u0131 ve yang\u0131n g\u00fcvenli\u011fi \u00f6n planda tutuluyor. M\u00fcd\u00fcrl\u00fck, bi\u00e7erd\u00f6ver operat\u00f6rlerinin Bi\u00e7erd\u00f6ver Operat\u00f6r Belgesi ya da G s\u0131n\u0131f\u0131 s\u00fcr\u00fcc\u00fc belgesi olmadan hasat yapmalar\u0131na&#8230;<\/p>\n","protected":false},"author":1,"featured_media":36834,"comment_status":"open","ping_status":"open","sticky":false,"template":"","format":"standard","meta":{"_crdt_document":"","footnotes":""},"categories":[125],"tags":[],"class_list":["post-36833","post","type-post","status-publish","format-standard","has-post-thumbnail","hentry","category-ekonomi"],"_links":{"self":[{"href":"https:\/\/www.egemtv.com\/index.php?rest_route=\/wp\/v2\/posts\/36833","targetHints":{"allow":["GET"]}}],"collection":[{"href":"https:\/\/www.egemtv.com\/index.php?rest_route=\/wp\/v2\/posts"}],"about":[{"href":"https:\/\/www.egemtv.com\/index.php?rest_route=\/wp\/v2\/types\/post"}],"author":[{"embeddable":true,"href":"https:\/\/www.egemtv.com\/index.php?rest_route=\/wp\/v2\/users\/1"}],"replies":[{"embeddable":true,"href":"https:\/\/www.egemtv.com\/index.php?rest_route=%2Fwp%2Fv2%2Fcomments&post=36833"}],"version-history":[{"count":1,"href":"https:\/\/www.egemtv.com\/index.php?rest_route=\/wp\/v2\/posts\/36833\/revisions"}],"predecessor-version":[{"id":36835,"href":"https:\/\/www.egemtv.com\/index.php?rest_route=\/wp\/v2\/posts\/36833\/revisions\/36835"}],"wp:featuredmedia":[{"embeddable":true,"href":"https:\/\/www.egemtv.com\/index.php?rest_route=\/wp\/v2\/media\/36834"}],"wp:attachment":[{"href":"https:\/\/www.egemtv.com\/index.php?rest_route=%2Fwp%2Fv2%2Fmedia&parent=36833"}],"wp:term":[{"taxonomy":"category","embeddable":true,"href":"https:\/\/www.egemtv.com\/index.php?rest_route=%2Fwp%2Fv2%2Fcategories&post=36833"},{"taxonomy":"post_tag","embeddable":true,"href":"https:\/\/www.egemtv.com\/index.php?rest_route=%2Fwp%2Fv2%2Ftags&post=36833"}],"curies":[{"name":"wp","href":"https:\/\/api.w.org\/{rel}","templated":true}]}}