{"id":36830,"date":"2025-06-21T17:55:31","date_gmt":"2025-06-21T14:55:31","guid":{"rendered":"https:\/\/www.egemtv.com\/?p=36830"},"modified":"2025-06-21T17:55:34","modified_gmt":"2025-06-21T14:55:34","slug":"manisada-samanlik-yangini-binlerce-balya-saman-kul-oldu","status":"publish","type":"post","link":"https:\/\/www.egemtv.com\/?p=36830","title":{"rendered":"Manisa\u2019da samanl\u0131k yang\u0131n\u0131: Binlerce balya saman k\u00fcl oldu"},"content":{"rendered":"<p>Manisa\u2019n\u0131n Salihli il\u00e7esinde bir \u00e7iftli\u011fe ait samanl\u0131kta \u00e7\u0131kan yang\u0131nda, binlerce paket saman k\u00fcl oldu.<br \/>\n<br \/>Yang\u0131n, Salihli\u2019ye ba\u011fl\u0131 \u00c7apakl\u0131 Mahallesi\u2019ndeki bir \u00e7iftlikte meydana geldi. Edinilen bilgiye g\u00f6re, \u00e7iftli\u011fin samanl\u0131\u011f\u0131nda hen\u00fcz belirlenemeyen nedenle yang\u0131n \u00e7\u0131kt\u0131. Samanl\u0131ktan, alev ve dumanlar\u0131n y\u00fckseldi\u011fini g\u00f6renler, durumu itfaiye ve jandarma ekiplerine haber verdi. \u0130hbar \u00fczerine olay yerine \u00e7ok say\u0131da Manisa B\u00fcy\u00fck\u015fehir \u0130tfaiye Dairesi Ba\u015fkanl\u0131\u011f\u0131 Salihli Amirli\u011fi ekipleri sevk edildi.<br \/>\n<br \/>Yang\u0131na m\u00fcdahale eden ekipler, yang\u0131n\u0131 kontrol alt\u0131na ald\u0131.<br \/>\n<br \/>Samanl\u0131ktaki so\u011futma \u00e7al\u0131\u015fmalar\u0131n\u0131n devam etti\u011fi \u00f6\u011frenilirken, yang\u0131nda binlerce paket saman\u0131n k\u00fcl oldu\u011fu \u00f6\u011frenildi.<br \/>\n<br \/>Samanl\u0131k yang\u0131n\u0131yla ilgili inceleme ba\u015flat\u0131ld\u0131\u011f\u0131 \u00f6\u011frenildi.<br \/><\/p>\n","protected":false},"excerpt":{"rendered":"<p>Manisa\u2019n\u0131n Salihli il\u00e7esinde bir \u00e7iftli\u011fe ait samanl\u0131kta \u00e7\u0131kan yang\u0131nda, binlerce paket saman k\u00fcl oldu. Yang\u0131n, Salihli\u2019ye ba\u011fl\u0131 \u00c7apakl\u0131 Mahallesi\u2019ndeki bir \u00e7iftlikte meydana geldi. Edinilen bilgiye g\u00f6re, \u00e7iftli\u011fin samanl\u0131\u011f\u0131nda hen\u00fcz belirlenemeyen nedenle yang\u0131n \u00e7\u0131kt\u0131. Samanl\u0131ktan, alev ve dumanlar\u0131n y\u00fckseldi\u011fini g\u00f6renler, durumu itfaiye ve jandarma ekiplerine haber verdi. \u0130hbar \u00fczerine olay yerine \u00e7ok say\u0131da Manisa B\u00fcy\u00fck\u015fehir \u0130tfaiye&#8230;<\/p>\n","protected":false},"author":1,"featured_media":36831,"comment_status":"open","ping_status":"open","sticky":false,"template":"","format":"standard","meta":{"_crdt_document":"","footnotes":""},"categories":[5],"tags":[],"class_list":["post-36830","post","type-post","status-publish","format-standard","has-post-thumbnail","hentry","category-asayis"],"_links":{"self":[{"href":"https:\/\/www.egemtv.com\/index.php?rest_route=\/wp\/v2\/posts\/36830","targetHints":{"allow":["GET"]}}],"collection":[{"href":"https:\/\/www.egemtv.com\/index.php?rest_route=\/wp\/v2\/posts"}],"about":[{"href":"https:\/\/www.egemtv.com\/index.php?rest_route=\/wp\/v2\/types\/post"}],"author":[{"embeddable":true,"href":"https:\/\/www.egemtv.com\/index.php?rest_route=\/wp\/v2\/users\/1"}],"replies":[{"embeddable":true,"href":"https:\/\/www.egemtv.com\/index.php?rest_route=%2Fwp%2Fv2%2Fcomments&post=36830"}],"version-history":[{"count":1,"href":"https:\/\/www.egemtv.com\/index.php?rest_route=\/wp\/v2\/posts\/36830\/revisions"}],"predecessor-version":[{"id":36832,"href":"https:\/\/www.egemtv.com\/index.php?rest_route=\/wp\/v2\/posts\/36830\/revisions\/36832"}],"wp:featuredmedia":[{"embeddable":true,"href":"https:\/\/www.egemtv.com\/index.php?rest_route=\/wp\/v2\/media\/36831"}],"wp:attachment":[{"href":"https:\/\/www.egemtv.com\/index.php?rest_route=%2Fwp%2Fv2%2Fmedia&parent=36830"}],"wp:term":[{"taxonomy":"category","embeddable":true,"href":"https:\/\/www.egemtv.com\/index.php?rest_route=%2Fwp%2Fv2%2Fcategories&post=36830"},{"taxonomy":"post_tag","embeddable":true,"href":"https:\/\/www.egemtv.com\/index.php?rest_route=%2Fwp%2Fv2%2Ftags&post=36830"}],"curies":[{"name":"wp","href":"https:\/\/api.w.org\/{rel}","templated":true}]}}