{"id":36827,"date":"2025-06-21T17:35:40","date_gmt":"2025-06-21T14:35:40","guid":{"rendered":"https:\/\/www.egemtv.com\/?p=36827"},"modified":"2025-06-21T17:35:46","modified_gmt":"2025-06-21T14:35:46","slug":"aydin-efelerde-zirai-alanda-yangin-bazi-evlerde-hasar-olustu","status":"publish","type":"post","link":"https:\/\/www.egemtv.com\/?p=36827","title":{"rendered":"Ayd\u0131n Efeler\u2019de zirai alanda yang\u0131n, baz\u0131 evlerde hasar olu\u015ftu"},"content":{"rendered":"<p>Ayd\u0131n\u2019\u0131n Efeler il\u00e7esine ba\u011fl\u0131 Savrandere mevkii yak\u0131nlar\u0131nda zirai alanda \u00e7\u0131kan yang\u0131na ekiplerin m\u00fcdahalesi s\u00fcr\u00fcyor. Hen\u00fcz \u00e7\u0131k\u0131\u015f nedeni belirlenemeyen yang\u0131n, r\u00fczgar\u0131n da etkisiyle k\u0131sa s\u00fcrede b\u00fcy\u00fcd\u00fc.<br \/>\n<br \/>Yang\u0131n ihbar\u0131 \u00fczerine b\u00f6lgeye Ayd\u0131n B\u00fcy\u00fck\u015fehir Belediyesi \u0130tfaiye ekipleri ile birlikte Mu\u011fla Orman B\u00f6lge M\u00fcd\u00fcrl\u00fc\u011f\u00fc\u2019ne ba\u011fl\u0131 yang\u0131n s\u00f6nd\u00fcrme ekipleri sevk edildi. Alevlere hem havadan helikopter ve u\u00e7aklarla, hem de karadan \u00e7ok say\u0131da araz\u00f6z ve itfaiye arac\u0131yla m\u00fcdahale ediliyor.<br \/>\n<br \/>Yang\u0131n, tar\u0131m alanlar\u0131n\u0131n yan\u0131 s\u0131ra yerle\u015fim yerlerine de yak\u0131n bir b\u00f6lgede etkili olurken, ilk belirlemelere g\u00f6re baz\u0131 evlerin yang\u0131ndan etkilendi\u011fi ve hasar g\u00f6rd\u00fc\u011f\u00fc \u00f6\u011frenildi. Ekipler, yang\u0131n\u0131n yerle\u015fim alanlar\u0131na s\u0131\u00e7ramamas\u0131 i\u00e7in yo\u011fun \u00e7aba harc\u0131yor.<br \/><\/p>\n","protected":false},"excerpt":{"rendered":"<p>Ayd\u0131n\u2019\u0131n Efeler il\u00e7esine ba\u011fl\u0131 Savrandere mevkii yak\u0131nlar\u0131nda zirai alanda \u00e7\u0131kan yang\u0131na ekiplerin m\u00fcdahalesi s\u00fcr\u00fcyor. Hen\u00fcz \u00e7\u0131k\u0131\u015f nedeni belirlenemeyen yang\u0131n, r\u00fczgar\u0131n da etkisiyle k\u0131sa s\u00fcrede b\u00fcy\u00fcd\u00fc. Yang\u0131n ihbar\u0131 \u00fczerine b\u00f6lgeye Ayd\u0131n B\u00fcy\u00fck\u015fehir Belediyesi \u0130tfaiye ekipleri ile birlikte Mu\u011fla Orman B\u00f6lge M\u00fcd\u00fcrl\u00fc\u011f\u00fc\u2019ne ba\u011fl\u0131 yang\u0131n s\u00f6nd\u00fcrme ekipleri sevk edildi. Alevlere hem havadan helikopter ve u\u00e7aklarla, hem de karadan&#8230;<\/p>\n","protected":false},"author":1,"featured_media":36828,"comment_status":"open","ping_status":"open","sticky":false,"template":"","format":"standard","meta":{"_crdt_document":"","footnotes":""},"categories":[5],"tags":[],"class_list":["post-36827","post","type-post","status-publish","format-standard","has-post-thumbnail","hentry","category-asayis"],"_links":{"self":[{"href":"https:\/\/www.egemtv.com\/index.php?rest_route=\/wp\/v2\/posts\/36827","targetHints":{"allow":["GET"]}}],"collection":[{"href":"https:\/\/www.egemtv.com\/index.php?rest_route=\/wp\/v2\/posts"}],"about":[{"href":"https:\/\/www.egemtv.com\/index.php?rest_route=\/wp\/v2\/types\/post"}],"author":[{"embeddable":true,"href":"https:\/\/www.egemtv.com\/index.php?rest_route=\/wp\/v2\/users\/1"}],"replies":[{"embeddable":true,"href":"https:\/\/www.egemtv.com\/index.php?rest_route=%2Fwp%2Fv2%2Fcomments&post=36827"}],"version-history":[{"count":1,"href":"https:\/\/www.egemtv.com\/index.php?rest_route=\/wp\/v2\/posts\/36827\/revisions"}],"predecessor-version":[{"id":36829,"href":"https:\/\/www.egemtv.com\/index.php?rest_route=\/wp\/v2\/posts\/36827\/revisions\/36829"}],"wp:featuredmedia":[{"embeddable":true,"href":"https:\/\/www.egemtv.com\/index.php?rest_route=\/wp\/v2\/media\/36828"}],"wp:attachment":[{"href":"https:\/\/www.egemtv.com\/index.php?rest_route=%2Fwp%2Fv2%2Fmedia&parent=36827"}],"wp:term":[{"taxonomy":"category","embeddable":true,"href":"https:\/\/www.egemtv.com\/index.php?rest_route=%2Fwp%2Fv2%2Fcategories&post=36827"},{"taxonomy":"post_tag","embeddable":true,"href":"https:\/\/www.egemtv.com\/index.php?rest_route=%2Fwp%2Fv2%2Ftags&post=36827"}],"curies":[{"name":"wp","href":"https:\/\/api.w.org\/{rel}","templated":true}]}}