{"id":36824,"date":"2025-06-21T16:35:48","date_gmt":"2025-06-21T13:35:48","guid":{"rendered":"https:\/\/www.egemtv.com\/?p=36824"},"modified":"2025-06-21T16:35:54","modified_gmt":"2025-06-21T13:35:54","slug":"chp-mitingleri-cogaltacak","status":"publish","type":"post","link":"https:\/\/www.egemtv.com\/?p=36824","title":{"rendered":"CHP mitingleri \u00e7o\u011faltacak"},"content":{"rendered":"<p>CHP Genel Ba\u015fkan\u0131 \u00d6zg\u00fcr \u00d6zel Manisa\u2019da bas\u0131n mensuplar\u0131na g\u00fcndemi de\u011ferlendirdi. \u00d6zel, yaz boyunca mitinglerini devam ettireceklerini belirterek, &#8220;Yaz boyunca da \u00e7ok \u00f6zel durumlar olmazsa, \u00e7ok \u00f6nemli bir mani \u00e7\u0131kmazsa, biz mitinglere devam edece\u011fiz. Miting serisi yaz boyunca de\u011fil, bu miting de\u011fil eylem oldu\u011fu i\u00e7in eylem sonu\u00e7 alana kadar devam eder. Bizim sonu\u00e7 almam\u0131z i\u00e7in \u00f6ncelikle arkada\u015flar\u0131m\u0131z\u0131n tutuksuz yarg\u0131lanmalar\u0131, adil yarg\u0131lanmalar\u0131, yap\u0131lan bu haks\u0131zl\u0131klar\u0131n son bulmas\u0131 gerekiyor. Biz mitingleri azaltmay\u0131 ve seyreltmeyi de\u011fil, aksine mitingleri \u00e7o\u011faltmay\u0131 ya da yeni eylemlerle desteklemeyi d\u00fc\u015f\u00fcn\u00fcyoruz&#8221; dedi.<br \/>\n<br \/>Cumhuriyet Halk Partisi Genel Ba\u015fkan\u0131 \u00d6zg\u00fcr \u00d6zel, Merhum Manisa B\u00fcy\u00fck\u015fehir Belediye Ba\u015fkan\u0131 Ferdi Zeyrek\u2019in k\u0131z\u0131 Nehir Zeyrek\u2019i kat\u0131ld\u0131\u011f\u0131 Y\u00fcksek\u00f6\u011fretim Kurumlar\u0131 S\u0131nav\u0131\u2019n\u0131n ilk oturumunda yaln\u0131z b\u0131rakmad\u0131. S\u0131nav bitiminde gazetecilerin sorular\u0131n\u0131 yan\u0131tlayan Cumhuriyet Halk Partisi Lideri \u00d6zel, &#8220;Nehir\u2019imiz, Ferdi\u2019nin k\u0131z\u0131 Nehir, siz de \u015fahitlik etmi\u015ftiniz \u2018\u015eimdi beni s\u0131nava kim g\u00f6t\u00fcrecek\u2019 demi\u015fti. Ben de o g\u00fcn \u2018Tabii ki ben g\u00f6t\u00fcrece\u011fim\u2019 demi\u015ftim. Bug\u00fcn s\u0131nava birlikte gittik, daha sonra eve b\u0131rakt\u0131m. Tabii kolay bir \u015fey de\u011fil, hepimiz \u00e7ok korktuk \u00e7ok k\u00f6t\u00fc etkilenecek diye. Ve onun i\u00e7in uzun s\u00fcredir de b\u00fct\u00fcn arkada\u015flar\u0131, sevenleri, ailesiyle birlikte destek olmaya \u00e7al\u0131\u015f\u0131yorlard\u0131. Bug\u00fcn s\u0131nava girerken Nehir\u2019i iyi g\u00f6rd\u00fck. S\u0131nav sonucunda da k\u00f6t\u00fc etkilenmedi\u011fini, elinden gelenin en iyisini yapt\u0131\u011f\u0131n\u0131 s\u00f6yl\u00fcyor. Yar\u0131n da takip edece\u011fiz, yar\u0131n da birlikte olaca\u011f\u0131z s\u0131navda. Mimar olmak istiyor. Babas\u0131n\u0131n b\u0131rakt\u0131\u011f\u0131 yerden devam etmek istiyor. \u00c7ok da yetenekli bir k\u0131z. Babas\u0131 da hep derdi \u2018Ben \u00e7\u00f6pten adam \u00e7izmeyi bilmiyordum, mimar oldum. Nehir be\u015f boyutlu \u00e7izim biliyor, \u00e7ok iyi olacak\u2019 falan diyordu. \u00dcmit ederim arzu etti\u011fi bir b\u00f6l\u00fcme yerle\u015fir. Biz de takip ediyor olaca\u011f\u0131z. Size de g\u00f6sterdi\u011finiz ilgi i\u00e7in te\u015fekk\u00fcr ediyoruz. B\u00fct\u00fcn \u00f6\u011frencilerimize ba\u015far\u0131lar diliyorum&#8221; dedi.<\/p>\n<p>&#8220;Mitingleri \u00e7o\u011faltmay\u0131 d\u00fc\u015f\u00fcn\u00fcyoruz&#8221;<br \/>\n<br \/>CHP Lideri \u00d6zel, mitinglerin yaz boyunca devam edip etmeyece\u011fi sorusuna \u015fu yan\u0131t\u0131 verdi:<br \/>\n<br \/>&#8220;\u00dcniversite s\u0131nav\u0131ndan dolay\u0131 bug\u00fcn miting yapmad\u0131k. Yar\u0131n s\u0131nav bitiminde Tekirda\u011f\u2019a hareket edece\u011fiz. Yar\u0131n ak\u015fam saat 19.00\u2019da Tekirda\u011f\u2019da b\u00fcy\u00fck mitingimizi ger\u00e7ekle\u015ftirece\u011fiz. Yaz boyunca da \u00e7ok \u00f6zel durumlar olmazsa, \u00e7ok \u00f6nemli bir mani \u00e7\u0131kmazsa, biz mitinglere devam edece\u011fiz. Miting serisi yaz boyunca de\u011fil, bu miting de\u011fil eylem oldu\u011fu i\u00e7in eylem sonu\u00e7 alana kadar devam eder. Bizim sonu\u00e7 almam\u0131z i\u00e7in \u00f6ncelikle arkada\u015flar\u0131m\u0131z\u0131n tutuksuz yarg\u0131lanmalar\u0131, adil yarg\u0131lanmalar\u0131, yap\u0131lan bu haks\u0131zl\u0131klar\u0131n son bulmas\u0131 gerekiyor. Biz mitingleri azaltmay\u0131 ve seyreltmeyi de\u011fil, aksine mitingleri \u00e7o\u011faltmay\u0131 ya da yeni eylemlerle desteklemeyi d\u00fc\u015f\u00fcn\u00fcyoruz. \u00d6rne\u011fin d\u00fcn, Say\u0131n Fatih Kele\u015f\u2019in 26 ya\u015f\u0131ndaki o\u011flunu tutuklad\u0131lar. Yine Say\u0131n Fatih Kele\u015f\u2018\u2019n ye\u011fenini tutuklad\u0131lar. Fatih Kele\u015f Kand\u0131ra Cezaevi\u2019ne al\u0131nd\u0131 Silivri\u2019den. Ve Kand\u0131ra Cezaevi\u2019nden g\u00f6t\u00fcr\u00fcl\u00fcp \u00c7a\u011flayan\u2019da, avukat\u0131 olmad\u0131\u011f\u0131 halde Bak\u0131n bu \u00e7a\u011fda b\u00f6yle bir \u015fey m\u00fcmk\u00fcn de\u011fil. D\u00fcnyan\u0131n herhangi bir yerinde, b\u0131rak\u0131n hukuk devleti kendisine yar\u0131m demokrasi diyen yerlerde, \u2018Beni niye getirdiniz?\u2019, \u2018Sohbete \u00e7a\u011f\u0131rd\u0131k.\u2019 \u2018Avukat\u0131m nerede?\u2019 \u2018Avukat\u0131n yan\u0131nda rahat konu\u015fam\u0131yorsun\u2019 diye bir \u015fey olmaz. Fatih Kele\u015f\u2019i daha \u00f6nce ailesiyle tehdit ettiler. B\u00f6yle bir \u015fey olmaz, bu kabul edilebilecek bir \u015fey de\u011fil. Bundan sonra 26 ya\u015f\u0131ndaki o\u011flunu al\u0131p, babas\u0131n\u0131 o\u011fluyla tehdit etmek, daha sonra o\u011flunu da tutuklamak olacak \u015fey de\u011fil. Ben bug\u00fcn annesiyle konu\u015ftum, d\u00fcn ak\u015fam konu\u015famad\u0131k. \u00c7ok moralleri bozuktu, bu sabah erken saatlerde konu\u015fabildik. Ve zaten insanlar\u0131n e\u015fi s\u0131rf iftirac\u0131 olsun diye i\u00e7eride tutuluyor. Bak\u0131n Fatih Kele\u015f\u2019e \u015funu s\u00f6yl\u00fcyorlar. \u2018Konu\u015f, evine git. \u015eunlar\u0131 s\u00f6yle, evine git.\u2019 Fatih Kele\u015f diyor ki \u2018Ya bilmedi\u011fim bir \u015feyin neyini s\u00f6yleyeyim? Olmayan bir \u015feyin neyini s\u00f6yleyeyim?\u2019 \u0130\u015fte \u2018Para kasas\u0131 var m\u0131? Bize para kasas\u0131 g\u00f6ster\u2019 falan. \u2018Olmayan kasan\u0131n neyini g\u00f6stereyim?\u2019 \u00d6nce defalarca tehdit ettiler, \u015fimdi de o\u011flunu al\u0131p tutuklad\u0131lar. Bu olacak bir \u015fey de\u011fil. Yani bir daha s\u00f6yl\u00fcyorum. D\u00fcn Ankara\u2019da cami avlusunda s\u00f6yledim. Bu hukuken olmaz, vicdanen olmaz, ahlaken olmaz, dinen en b\u00fcy\u00fck su\u00e7. \u0130nsanlar\u0131 birbirine iftira atmaya zorlaman\u0131n, hadi mahkeme-i \u00c7a\u011flayan\u2019da bu i\u015fin i\u00e7inden \u00e7\u0131kt\u0131n\u0131z, \u00e7\u0131kamayacaklar da. \u00c7\u0131kamayacaklar. Mahkeme-i K\u00fcbra\u2019da nas\u0131l \u00e7\u0131kacaks\u0131n\u0131z? Sana bunu sormayacak m\u0131 yani? Sen bunu nas\u0131l yapt\u0131n? O annenin hesab\u0131n\u0131 sana sormayacaklar m\u0131? O evlad\u0131n, o i\u00e7eride 8 metre-10 metre h\u00fccrenin i\u00e7inde o babalara \u00e7ektirdi\u011fin sorulmayacak m\u0131?&#8221;<\/p>\n<p>&#8220;\u0130ktidar y\u00fcr\u00fcy\u00fc\u015f\u00fc ger\u00e7ekle\u015ftirece\u011fiz&#8221;<br \/>\n<br \/>Genel Ba\u015fkan \u00d6zel, Cumhurba\u015fkan\u0131 Aday Ofisi\u2019nin a\u00e7\u0131l\u0131\u015f\u0131yla ba\u015flat\u0131lan se\u00e7im \u00e7al\u0131\u015fmas\u0131 hakk\u0131nda ise, &#8220;Birincisi \u00f6nce parti program\u0131m\u0131z\u0131 haz\u0131rl\u0131yoruz. Cumhurba\u015fkan\u0131 Aday Ofisi de aday\u0131n vaatlerini haz\u0131rl\u0131yor, se\u00e7im saatlerimizi, se\u00e7im program\u0131m\u0131z\u0131. H\u00fck\u00fcmet program\u0131 haz\u0131rlanacak. 81 ilde 973 il\u00e7ede \u00e7al\u0131\u015ft\u0131k. Son \u015fekli verildikten sonra b\u00fct\u00fcn milletvekillerimizle, b\u00fct\u00fcn parti meclisi \u00fcyelerimizle, partinin b\u00fct\u00fcn se\u00e7ilmi\u015fleriyle, hatta partinin il-il\u00e7e \u00f6rg\u00fctlerinden ald\u0131\u011f\u0131m\u0131z ba\u015fka \u015fehirlere de yollayaca\u011f\u0131m\u0131z ki\u015filerle, 81 ilde kuvvetli ekiplerle, aday\u0131n yerine se\u00e7im kampanyas\u0131 yapmaya ba\u015flayaca\u011f\u0131z. Ve hangi sorun varsa, yani Rize\u2019ye gidip de \u00e7ay \u00fcreticisinin sorununu Ekran Ba\u015fkan\u2019\u0131n gelince nas\u0131l \u00e7\u00f6zece\u011fini yerinde anlataca\u011f\u0131z. Tarihin g\u00f6r\u00fclm\u00fc\u015f en kalabal\u0131k, en enerjik, en inan\u00e7l\u0131, en diren\u00e7li, belki de en uzun se\u00e7im kampanyas\u0131n\u0131 yapaca\u011f\u0131z. Yani ge\u00e7mi\u015fte b\u00f6yle bir hani 300 g\u00fcnl\u00fck kampanya falan Say\u0131n rahmetli Demirel\u2019in an\u0131l\u0131yordu. Biz ba\u015flayaca\u011f\u0131z, yani en sonunda diyelim ki 900 g\u00fcn\u00fcn sonunda se\u00e7im olacaksa, 900 g\u00fcnl\u00fck kampanya yapaca\u011f\u0131z. Yorulmadan, asla ve asla azalmadan, \u00e7o\u011falarak ve h\u0131zlanarak bir iktidar y\u00fcr\u00fcy\u00fc\u015f\u00fc ger\u00e7ekle\u015ftirece\u011fiz&#8221; dedi.<\/p>\n<p>&#8220;Ba\u015fsavc\u0131 eliyle AK Parti\u2019nin siyaseti ve haysiyeti paspas ediliyor&#8221;<br \/>\n<br \/>&#8220;Biz arkada\u015flar\u0131m\u0131z\u0131n masumiyetine de namuslar\u0131na da kefiliz&#8221; diyerek a\u00e7\u0131klamalar\u0131na devam eden \u00d6zel s\u00f6zlerini \u015f\u00f6yle tamamlad\u0131:   &#8220;Bundan sonra zaten bu kara \u00e7almalar milletin vicdan\u0131ndan da d\u00f6nm\u00fc\u015ft\u00fcr. Milletin sand\u0131\u011f\u0131 \u00f6n\u00fcm\u00fcze gelene kadar var g\u00fcc\u00fcm\u00fczle \u00e7al\u0131\u015faca\u011f\u0131z. Ben arkada\u015flar\u0131m\u0131z\u0131n \u00e7ok uzun s\u00fcrmeyecek bir s\u00fcrede tutuksuz yarg\u0131lanacaklar\u0131na da inan\u0131yorum. Buradan bilhassa kad\u0131nlara, \u015fu anda zorla tutulan ve zulme tabi tutulan kad\u0131nlar i\u00e7in tutuksuz yarg\u0131lama ve evlatlar i\u00e7in biraz vicdan, anneleri hat\u0131r\u0131na biraz vicdan istiyorum. Hem i\u00e7eride tutulan kad\u0131nlar\u0131n, hem de i\u00e7eride \u00e7ocuklar\u0131 art\u0131k esir al\u0131nan ve zul\u00fcm edilen kad\u0131nlar i\u00e7in \u00e7ocuklar\u0131 ve kad\u0131nlar\u0131 b\u0131rak\u0131n. Bu en ac\u0131mas\u0131z sava\u015fta bile kad\u0131na ve \u00e7ocu\u011fa dokunmazlar arkada\u015flar. Bu ay\u0131pt\u0131r. Bu ahlaki \u00fcst\u00fcnl\u00fc\u011f\u00fcn kayb\u0131d\u0131r. Bak\u0131n en b\u00fcy\u00fck CHP d\u00fc\u015fman\u0131 olsun, CHP ile rekabette, CHP\u2019linin e\u015fine ve \u00e7ocu\u011funa sald\u0131rd\u0131\u011f\u0131n\u0131z\u0131 g\u00f6rd\u00fc\u011f\u00fcnde sizinle g\u00f6n\u00fcl ba\u011f\u0131n\u0131 kopar\u0131r, CHP ile bir g\u00f6n\u00fcl ba\u011f\u0131 kurar. Bu yap\u0131lan\u0131n, ben insanlara \u00e7ok eziyet etti\u011fini ama bize siyaseten hi\u00e7 zarar vermeyip AK Parti\u2019yi peri\u015fan hale getirdi\u011fini Bak\u0131n se\u00e7menin g\u00f6z\u00fcnde paspas oldu AK Parti \u015fu anda. Ve ger\u00e7ekten bu AK Parti\u2019ye emek veren siyaset\u00e7iler var. \u015eimdi yani ad\u0131n\u0131 s\u00f6ylemeyeyim, Manisa\u2019da da var, T\u00fcrkiye\u2019de de var. Gayret ediyor, iyi olsun diye, iktidarda olsun diye. Bir sa\u00e7ma sapan g\u00f6revlendirme, bir g\u00f6z\u00fc d\u00f6nm\u00fc\u015f Ba\u015fsavc\u0131 eliyle AK Parti\u2019nin siyaseti ve haysiyeti de paspas ediliyor \u015fu anda. Kim d\u00f6necek \u015fimdi size \u2018\u0130yi yapt\u0131n\u0131z\u2019 diyecek bundan sonra. Biz sald\u0131r\u0131 alt\u0131nday\u0131z fiziken. Ama moralimiz, psikolojik \u00fcst\u00fcnl\u00fck elimizde, ahlaki \u00fcst\u00fcnl\u00fck elimizde, \u00e7o\u011funluk enerjisi elimizde. Bunlar g\u00fc\u00e7 kullan\u0131yorlar ama itibarlar\u0131 yerlerde. Olmaz yani. Bunu AK Parti\u2019ye g\u00f6n\u00fclden destek veren insanlara da yapmaman\u0131z laz\u0131m. Sizi ba\u015fka saiklerle destekleyen ittifak orta\u011f\u0131n\u0131z\u0131 da bu rezilli\u011fe ortak etmemeniz laz\u0131m.&#8221;<br \/><\/p>\n","protected":false},"excerpt":{"rendered":"<p>CHP Genel Ba\u015fkan\u0131 \u00d6zg\u00fcr \u00d6zel Manisa\u2019da bas\u0131n mensuplar\u0131na g\u00fcndemi de\u011ferlendirdi. \u00d6zel, yaz boyunca mitinglerini devam ettireceklerini belirterek, &#8220;Yaz boyunca da \u00e7ok \u00f6zel durumlar olmazsa, \u00e7ok \u00f6nemli bir mani \u00e7\u0131kmazsa, biz mitinglere devam edece\u011fiz. Miting serisi yaz boyunca de\u011fil, bu miting de\u011fil eylem oldu\u011fu i\u00e7in eylem sonu\u00e7 alana kadar devam eder. Bizim sonu\u00e7 almam\u0131z i\u00e7in \u00f6ncelikle&#8230;<\/p>\n","protected":false},"author":1,"featured_media":36825,"comment_status":"open","ping_status":"open","sticky":false,"template":"","format":"standard","meta":{"_crdt_document":"","footnotes":""},"categories":[127],"tags":[],"class_list":["post-36824","post","type-post","status-publish","format-standard","has-post-thumbnail","hentry","category-siyaset"],"_links":{"self":[{"href":"https:\/\/www.egemtv.com\/index.php?rest_route=\/wp\/v2\/posts\/36824","targetHints":{"allow":["GET"]}}],"collection":[{"href":"https:\/\/www.egemtv.com\/index.php?rest_route=\/wp\/v2\/posts"}],"about":[{"href":"https:\/\/www.egemtv.com\/index.php?rest_route=\/wp\/v2\/types\/post"}],"author":[{"embeddable":true,"href":"https:\/\/www.egemtv.com\/index.php?rest_route=\/wp\/v2\/users\/1"}],"replies":[{"embeddable":true,"href":"https:\/\/www.egemtv.com\/index.php?rest_route=%2Fwp%2Fv2%2Fcomments&post=36824"}],"version-history":[{"count":1,"href":"https:\/\/www.egemtv.com\/index.php?rest_route=\/wp\/v2\/posts\/36824\/revisions"}],"predecessor-version":[{"id":36826,"href":"https:\/\/www.egemtv.com\/index.php?rest_route=\/wp\/v2\/posts\/36824\/revisions\/36826"}],"wp:featuredmedia":[{"embeddable":true,"href":"https:\/\/www.egemtv.com\/index.php?rest_route=\/wp\/v2\/media\/36825"}],"wp:attachment":[{"href":"https:\/\/www.egemtv.com\/index.php?rest_route=%2Fwp%2Fv2%2Fmedia&parent=36824"}],"wp:term":[{"taxonomy":"category","embeddable":true,"href":"https:\/\/www.egemtv.com\/index.php?rest_route=%2Fwp%2Fv2%2Fcategories&post=36824"},{"taxonomy":"post_tag","embeddable":true,"href":"https:\/\/www.egemtv.com\/index.php?rest_route=%2Fwp%2Fv2%2Ftags&post=36824"}],"curies":[{"name":"wp","href":"https:\/\/api.w.org\/{rel}","templated":true}]}}