{"id":36821,"date":"2025-06-21T16:35:43","date_gmt":"2025-06-21T13:35:43","guid":{"rendered":"https:\/\/www.egemtv.com\/?p=36821"},"modified":"2025-06-21T16:35:48","modified_gmt":"2025-06-21T13:35:48","slug":"kusadasinda-yangin-panigi","status":"publish","type":"post","link":"https:\/\/www.egemtv.com\/?p=36821","title":{"rendered":"Ku\u015fadas\u0131\u2019nda yang\u0131n pani\u011fi"},"content":{"rendered":"<p>Ayd\u0131n\u2019\u0131n Ku\u015fadas\u0131 il\u00e7esi Cumhuriyet Mahallesi\u2019nde \u00f6\u011fle saatlerinde \u00e7\u0131kan yang\u0131n pani\u011fe neden oldu. Apartman\u0131n en \u00fcst kat\u0131nda mahsur kalan vatanda\u015f, itfaiye ekiplerince kurtar\u0131ld\u0131.<br \/>\n<br \/>Yang\u0131n, Ku\u015fadas\u0131 il\u00e7esi Cumhuriyet Mahallesi R\u0131fat Ar\u0131n Sokak\u2019ta meydana geldi. Edinilen bilgiye g\u00f6re 4 katl\u0131 apartman\u0131n \u00fc\u00e7\u00fcnc\u00fc kat\u0131nda ba\u015flad\u0131\u011f\u0131 belirtilen yang\u0131n\u0131n, \u00fct\u00fcden \u00e7\u0131kt\u0131\u011f\u0131 iddia edildi. Alevler k\u0131sa s\u00fcrede b\u00fcy\u00fcrken, apartmandan yo\u011fun duman y\u00fckseldi. dumanlar\u0131 fark eden vatanda\u015flar durumu 112 Acil \u00c7a\u011fr\u0131 Merkezi\u2019ne bildirdi. \u0130hbar \u00fczerine b\u00f6lgeye \u00e7ok say\u0131da itfaiye, polis ve sa\u011fl\u0131k ekipleri sevk edildi. K\u0131sa s\u00fcrede olay yerine gelen itfaiye ekipleri, apartman\u0131n en \u00fcst kat\u0131nda balkonda mahsur kalan vatanda\u015f\u0131 kurtarmak i\u00e7in adeta zamanla yar\u0131\u015ft\u0131. Evde mahsur kalan Salih Ayd\u0131n isimli vatanda\u015f, olay yerine gelen itfaiye ekipleri taraf\u0131ndan merdivenli ara\u00e7 yard\u0131m\u0131yla binadan g\u00fc\u00e7l\u00fckle \u00e7\u0131kar\u0131ld\u0131. Dumanlardan etkilenen Ayd\u0131n, ilk m\u00fcdahalesinin ard\u0131ndan ambulansla hastaneye kald\u0131r\u0131ld\u0131. Yang\u0131n, itfaiyenin h\u0131zl\u0131 m\u00fcdahalesi sayesinde \u00e7evre dairelere s\u0131\u00e7ramadan kontrol alt\u0131na al\u0131nd\u0131. Olayla ilgili inceleme ba\u015flat\u0131l\u0131rken, apartman sakinleri b\u00fcy\u00fck korku ya\u015fad\u0131.<br \/><\/p>\n","protected":false},"excerpt":{"rendered":"<p>Ayd\u0131n\u2019\u0131n Ku\u015fadas\u0131 il\u00e7esi Cumhuriyet Mahallesi\u2019nde \u00f6\u011fle saatlerinde \u00e7\u0131kan yang\u0131n pani\u011fe neden oldu. Apartman\u0131n en \u00fcst kat\u0131nda mahsur kalan vatanda\u015f, itfaiye ekiplerince kurtar\u0131ld\u0131. Yang\u0131n, Ku\u015fadas\u0131 il\u00e7esi Cumhuriyet Mahallesi R\u0131fat Ar\u0131n Sokak\u2019ta meydana geldi. Edinilen bilgiye g\u00f6re 4 katl\u0131 apartman\u0131n \u00fc\u00e7\u00fcnc\u00fc kat\u0131nda ba\u015flad\u0131\u011f\u0131 belirtilen yang\u0131n\u0131n, \u00fct\u00fcden \u00e7\u0131kt\u0131\u011f\u0131 iddia edildi. Alevler k\u0131sa s\u00fcrede b\u00fcy\u00fcrken, apartmandan yo\u011fun duman y\u00fckseldi&#8230;.<\/p>\n","protected":false},"author":1,"featured_media":36822,"comment_status":"open","ping_status":"open","sticky":false,"template":"","format":"standard","meta":{"_crdt_document":"","footnotes":""},"categories":[5],"tags":[],"class_list":["post-36821","post","type-post","status-publish","format-standard","has-post-thumbnail","hentry","category-asayis"],"_links":{"self":[{"href":"https:\/\/www.egemtv.com\/index.php?rest_route=\/wp\/v2\/posts\/36821","targetHints":{"allow":["GET"]}}],"collection":[{"href":"https:\/\/www.egemtv.com\/index.php?rest_route=\/wp\/v2\/posts"}],"about":[{"href":"https:\/\/www.egemtv.com\/index.php?rest_route=\/wp\/v2\/types\/post"}],"author":[{"embeddable":true,"href":"https:\/\/www.egemtv.com\/index.php?rest_route=\/wp\/v2\/users\/1"}],"replies":[{"embeddable":true,"href":"https:\/\/www.egemtv.com\/index.php?rest_route=%2Fwp%2Fv2%2Fcomments&post=36821"}],"version-history":[{"count":1,"href":"https:\/\/www.egemtv.com\/index.php?rest_route=\/wp\/v2\/posts\/36821\/revisions"}],"predecessor-version":[{"id":36823,"href":"https:\/\/www.egemtv.com\/index.php?rest_route=\/wp\/v2\/posts\/36821\/revisions\/36823"}],"wp:featuredmedia":[{"embeddable":true,"href":"https:\/\/www.egemtv.com\/index.php?rest_route=\/wp\/v2\/media\/36822"}],"wp:attachment":[{"href":"https:\/\/www.egemtv.com\/index.php?rest_route=%2Fwp%2Fv2%2Fmedia&parent=36821"}],"wp:term":[{"taxonomy":"category","embeddable":true,"href":"https:\/\/www.egemtv.com\/index.php?rest_route=%2Fwp%2Fv2%2Fcategories&post=36821"},{"taxonomy":"post_tag","embeddable":true,"href":"https:\/\/www.egemtv.com\/index.php?rest_route=%2Fwp%2Fv2%2Ftags&post=36821"}],"curies":[{"name":"wp","href":"https:\/\/api.w.org\/{rel}","templated":true}]}}