{"id":36818,"date":"2025-06-21T16:15:13","date_gmt":"2025-06-21T13:15:13","guid":{"rendered":"https:\/\/www.egemtv.com\/?p=36818"},"modified":"2025-06-21T16:15:17","modified_gmt":"2025-06-21T13:15:17","slug":"aydinda-zirai-alan-yangini-2","status":"publish","type":"post","link":"https:\/\/www.egemtv.com\/?p=36818","title":{"rendered":"Ayd\u0131n\u2019da zirai alan yang\u0131n\u0131"},"content":{"rendered":"<p>Ayd\u0131n\u2019\u0131n Efeler il\u00e7esi zirai alanda \u00e7\u0131kan yang\u0131n\u0131 s\u00f6nd\u00fcrme \u00e7al\u0131\u015fmalar\u0131 ba\u015flad\u0131.<\/p>\n<p>Edinilen bilgiye g\u00f6re, Savrandere mevkii yak\u0131nlar\u0131ndaki zirai alanda hen\u00fcz bilinmeyen bir nedenle yang\u0131n \u00e7\u0131kt\u0131. Yang\u0131n ihbar\u0131 \u00fczerine b\u00f6lgeye Ayd\u0131n B\u00fcy\u00fck\u015fehir Belediyesi \u0130tfaiye ve Mu\u011fla Orman B\u00f6lge M\u00fcd\u00fcrl\u00fc\u011f\u00fc yang\u0131n s\u00f6nd\u00fcrme ekipleri sevk edildi. Yang\u0131na havadan ve karadan m\u00fcdahale s\u00fcr\u00fcyor.<br \/><\/p>\n","protected":false},"excerpt":{"rendered":"<p>Ayd\u0131n\u2019\u0131n Efeler il\u00e7esi zirai alanda \u00e7\u0131kan yang\u0131n\u0131 s\u00f6nd\u00fcrme \u00e7al\u0131\u015fmalar\u0131 ba\u015flad\u0131. Edinilen bilgiye g\u00f6re, Savrandere mevkii yak\u0131nlar\u0131ndaki zirai alanda hen\u00fcz bilinmeyen bir nedenle yang\u0131n \u00e7\u0131kt\u0131. Yang\u0131n ihbar\u0131 \u00fczerine b\u00f6lgeye Ayd\u0131n B\u00fcy\u00fck\u015fehir Belediyesi \u0130tfaiye ve Mu\u011fla Orman B\u00f6lge M\u00fcd\u00fcrl\u00fc\u011f\u00fc yang\u0131n s\u00f6nd\u00fcrme ekipleri sevk edildi. Yang\u0131na havadan ve karadan m\u00fcdahale s\u00fcr\u00fcyor.<\/p>\n","protected":false},"author":1,"featured_media":36819,"comment_status":"open","ping_status":"open","sticky":false,"template":"","format":"standard","meta":{"_crdt_document":"","footnotes":""},"categories":[5],"tags":[],"class_list":["post-36818","post","type-post","status-publish","format-standard","has-post-thumbnail","hentry","category-asayis"],"_links":{"self":[{"href":"https:\/\/www.egemtv.com\/index.php?rest_route=\/wp\/v2\/posts\/36818","targetHints":{"allow":["GET"]}}],"collection":[{"href":"https:\/\/www.egemtv.com\/index.php?rest_route=\/wp\/v2\/posts"}],"about":[{"href":"https:\/\/www.egemtv.com\/index.php?rest_route=\/wp\/v2\/types\/post"}],"author":[{"embeddable":true,"href":"https:\/\/www.egemtv.com\/index.php?rest_route=\/wp\/v2\/users\/1"}],"replies":[{"embeddable":true,"href":"https:\/\/www.egemtv.com\/index.php?rest_route=%2Fwp%2Fv2%2Fcomments&post=36818"}],"version-history":[{"count":1,"href":"https:\/\/www.egemtv.com\/index.php?rest_route=\/wp\/v2\/posts\/36818\/revisions"}],"predecessor-version":[{"id":36820,"href":"https:\/\/www.egemtv.com\/index.php?rest_route=\/wp\/v2\/posts\/36818\/revisions\/36820"}],"wp:featuredmedia":[{"embeddable":true,"href":"https:\/\/www.egemtv.com\/index.php?rest_route=\/wp\/v2\/media\/36819"}],"wp:attachment":[{"href":"https:\/\/www.egemtv.com\/index.php?rest_route=%2Fwp%2Fv2%2Fmedia&parent=36818"}],"wp:term":[{"taxonomy":"category","embeddable":true,"href":"https:\/\/www.egemtv.com\/index.php?rest_route=%2Fwp%2Fv2%2Fcategories&post=36818"},{"taxonomy":"post_tag","embeddable":true,"href":"https:\/\/www.egemtv.com\/index.php?rest_route=%2Fwp%2Fv2%2Ftags&post=36818"}],"curies":[{"name":"wp","href":"https:\/\/api.w.org\/{rel}","templated":true}]}}