{"id":36815,"date":"2025-06-21T15:36:15","date_gmt":"2025-06-21T12:36:15","guid":{"rendered":"https:\/\/www.egemtv.com\/?p=36815"},"modified":"2025-06-21T15:36:19","modified_gmt":"2025-06-21T12:36:19","slug":"losemili-cocuklara-moral-etkinligi","status":"publish","type":"post","link":"https:\/\/www.egemtv.com\/?p=36815","title":{"rendered":"L\u00f6semili \u00e7ocuklara moral etkinli\u011fi"},"content":{"rendered":"<p>Ayd\u0131n\u2019da l\u00f6semili \u00e7ocuklar i\u00e7in g\u00f6n\u00fcll\u00fcl\u00fck esas\u0131yla d\u00fczenlenen moral etkinli\u011finde bir araya gelen minikler doyas\u0131ya e\u011flendi.<br \/>\n<br \/>Ayd\u0131n\u2019da l\u00f6semi tedavisi g\u00f6ren \u00e7ocuklar i\u00e7in Sosyal Bilgiler \u00f6\u011fretmeni ve y\u00fcksek lisans \u00f6\u011frencisi Elif Berber taraf\u0131ndan moral etkinli\u011fi d\u00fczenlendi. G\u00f6n\u00fcll\u00fcl\u00fck esas\u0131yla ger\u00e7ekle\u015ftirilen etkinlikte, bir araya gelen minikler doyas\u0131ya e\u011flendi. Y\u00fcz boyama, sosis balon yap\u0131m\u0131 ve balon \u015fovlar\u0131 gibi \u00e7e\u015fitli aktivitelerin yer ald\u0131\u011f\u0131 etkinlik renkli g\u00f6r\u00fcnt\u00fclere sahne olurken keyifli vakit ge\u00e7iren ve tedavi s\u00fcrecinde olan \u00e7ocuklar i\u00e7in etkinlik moral kayna\u011f\u0131 oldu. Program boyunca Elif Berber, \u00e7ocuklarla yak\u0131ndan ilgilenerekan etkinlikte, y\u00fczleri boyanan ve balonlarla oynayan \u00e7ocuklar ne\u015feli anlar ya\u015fad\u0131. Etkinlik sonunda \u00e7ocuklara balonlar da\u011f\u0131t\u0131ld\u0131. Tamamen g\u00f6n\u00fcll\u00fcl\u00fck esas\u0131na dayanan etkinlik, \u00e7ocuklar\u0131n haf\u0131zas\u0131nda g\u00fczel bir hat\u0131ra olarak yer ederken, fark\u0131ndal\u0131k olu\u015fturan etkinlik i\u00e7in Berber\u2019e te\u015fekk\u00fcr ettiler.<br \/><\/p>\n","protected":false},"excerpt":{"rendered":"<p>Ayd\u0131n\u2019da l\u00f6semili \u00e7ocuklar i\u00e7in g\u00f6n\u00fcll\u00fcl\u00fck esas\u0131yla d\u00fczenlenen moral etkinli\u011finde bir araya gelen minikler doyas\u0131ya e\u011flendi. Ayd\u0131n\u2019da l\u00f6semi tedavisi g\u00f6ren \u00e7ocuklar i\u00e7in Sosyal Bilgiler \u00f6\u011fretmeni ve y\u00fcksek lisans \u00f6\u011frencisi Elif Berber taraf\u0131ndan moral etkinli\u011fi d\u00fczenlendi. G\u00f6n\u00fcll\u00fcl\u00fck esas\u0131yla ger\u00e7ekle\u015ftirilen etkinlikte, bir araya gelen minikler doyas\u0131ya e\u011flendi. Y\u00fcz boyama, sosis balon yap\u0131m\u0131 ve balon \u015fovlar\u0131 gibi \u00e7e\u015fitli aktivitelerin&#8230;<\/p>\n","protected":false},"author":1,"featured_media":36816,"comment_status":"open","ping_status":"open","sticky":false,"template":"","format":"standard","meta":{"_crdt_document":"","footnotes":""},"categories":[1],"tags":[],"class_list":["post-36815","post","type-post","status-publish","format-standard","has-post-thumbnail","hentry","category-guncel"],"_links":{"self":[{"href":"https:\/\/www.egemtv.com\/index.php?rest_route=\/wp\/v2\/posts\/36815","targetHints":{"allow":["GET"]}}],"collection":[{"href":"https:\/\/www.egemtv.com\/index.php?rest_route=\/wp\/v2\/posts"}],"about":[{"href":"https:\/\/www.egemtv.com\/index.php?rest_route=\/wp\/v2\/types\/post"}],"author":[{"embeddable":true,"href":"https:\/\/www.egemtv.com\/index.php?rest_route=\/wp\/v2\/users\/1"}],"replies":[{"embeddable":true,"href":"https:\/\/www.egemtv.com\/index.php?rest_route=%2Fwp%2Fv2%2Fcomments&post=36815"}],"version-history":[{"count":1,"href":"https:\/\/www.egemtv.com\/index.php?rest_route=\/wp\/v2\/posts\/36815\/revisions"}],"predecessor-version":[{"id":36817,"href":"https:\/\/www.egemtv.com\/index.php?rest_route=\/wp\/v2\/posts\/36815\/revisions\/36817"}],"wp:featuredmedia":[{"embeddable":true,"href":"https:\/\/www.egemtv.com\/index.php?rest_route=\/wp\/v2\/media\/36816"}],"wp:attachment":[{"href":"https:\/\/www.egemtv.com\/index.php?rest_route=%2Fwp%2Fv2%2Fmedia&parent=36815"}],"wp:term":[{"taxonomy":"category","embeddable":true,"href":"https:\/\/www.egemtv.com\/index.php?rest_route=%2Fwp%2Fv2%2Fcategories&post=36815"},{"taxonomy":"post_tag","embeddable":true,"href":"https:\/\/www.egemtv.com\/index.php?rest_route=%2Fwp%2Fv2%2Ftags&post=36815"}],"curies":[{"name":"wp","href":"https:\/\/api.w.org\/{rel}","templated":true}]}}