{"id":36812,"date":"2025-06-21T15:15:42","date_gmt":"2025-06-21T12:15:42","guid":{"rendered":"https:\/\/www.egemtv.com\/?p=36812"},"modified":"2025-06-21T15:15:44","modified_gmt":"2025-06-21T12:15:44","slug":"emekli-ogretmen-sevket-akardan-yeni-roman","status":"publish","type":"post","link":"https:\/\/www.egemtv.com\/?p=36812","title":{"rendered":"Emekli \u00f6\u011fretmen \u015eevket Akar\u2019dan yeni roman"},"content":{"rendered":"<p>Manisa\u2019n\u0131n Kula il\u00e7esinde uzun y\u0131llar e\u011fitim camias\u0131nda g\u00f6rev yapan, Halk E\u011fitim Merkezi M\u00fcd\u00fcrl\u00fc\u011f\u00fc gibi \u00f6nemli g\u00f6revlerde bulunan emekli \u00f6\u011fretmen, m\u00fczisyen ve \u015fair \u015eevket Akar, d\u00f6rd\u00fcnc\u00fc kitab\u0131 \u2019Sevgi U\u011fruna\u2019 isimli roman\u0131n\u0131 okuyucularla bulu\u015fturdu.<br \/>\n<br \/>Kula\u2019n\u0131n sevilen simalar\u0131ndan biri olan ve bug\u00fcne kadar kaleme ald\u0131\u011f\u0131 eserlerle edebiyatseverlerin takdirini kazanan Akar, bu kez kendi ya\u015fam\u0131ndan ilham ald\u0131\u011f\u0131 bir romanla edebiyat d\u00fcnyas\u0131nda yerini ald\u0131. 242 sayfal\u0131k roman, Akar\u2019\u0131n \u00f6\u011fretmenlik mesle\u011fine ad\u0131m att\u0131\u011f\u0131 ilk y\u0131llardan itibaren ya\u015fad\u0131\u011f\u0131 ger\u00e7ek olaylardan esinlenilerek kaleme al\u0131nd\u0131.<br \/>\n<br \/>Kitab\u0131n isminin de alt\u0131n\u0131 \u00e7izen Akar, &#8220;Yakla\u015f\u0131k 10 y\u0131ld\u0131r \u00fczerinde \u00e7al\u0131\u015f\u0131yorum. Kitab\u0131m\u0131n isminden de anla\u015f\u0131laca\u011f\u0131 gibi, bu eser sevgi u\u011fruna ya\u015fananlar\u0131 anlat\u0131yor. \u0130\u00e7eri\u011finde sevgi var, sayg\u0131 var, \u00e7ile var. Bir k\u00f6y \u00f6\u011fretmeninin hayat yolculu\u011fundan izler ta\u015f\u0131yor. Ger\u00e7ek ya\u015famdan kesitlerle okuyucuyu duygusal bir yolculu\u011fa \u00e7\u0131kar\u0131yor.&#8221; s\u00f6zleriyle roman\u0131n\u0131n temel duygusunu ifade etti.<br \/>\n<br \/>Akar\u2019\u0131n daha \u00f6nce yay\u0131mlanan \u015fiir kitaplar\u0131 ise \u2019S\u00f6yleyemediklerim\u2019, \u2019Seni Hi\u00e7 \u00d6zlemedim\u2019 ve \u2019Atlas Deniz\u2019  isimlerini ta\u015f\u0131yor.<br \/>\n<br \/>Yeni roman\u0131 Sevgi U\u011fruna ise yaln\u0131zca bir \u00f6\u011fretmenin hikayesini de\u011fil; ayn\u0131 zamanda Anadolu\u2019nun farkl\u0131 k\u00f6ylerinde ya\u015fanan k\u00fclt\u00fcrel, sosyal ve insani de\u011ferlere dair samimi bir anlat\u0131m sunuyor.<br \/><\/p>\n","protected":false},"excerpt":{"rendered":"<p>Manisa\u2019n\u0131n Kula il\u00e7esinde uzun y\u0131llar e\u011fitim camias\u0131nda g\u00f6rev yapan, Halk E\u011fitim Merkezi M\u00fcd\u00fcrl\u00fc\u011f\u00fc gibi \u00f6nemli g\u00f6revlerde bulunan emekli \u00f6\u011fretmen, m\u00fczisyen ve \u015fair \u015eevket Akar, d\u00f6rd\u00fcnc\u00fc kitab\u0131 \u2019Sevgi U\u011fruna\u2019 isimli roman\u0131n\u0131 okuyucularla bulu\u015fturdu. Kula\u2019n\u0131n sevilen simalar\u0131ndan biri olan ve bug\u00fcne kadar kaleme ald\u0131\u011f\u0131 eserlerle edebiyatseverlerin takdirini kazanan Akar, bu kez kendi ya\u015fam\u0131ndan ilham ald\u0131\u011f\u0131 bir romanla&#8230;<\/p>\n","protected":false},"author":1,"featured_media":36813,"comment_status":"open","ping_status":"open","sticky":false,"template":"","format":"standard","meta":{"_crdt_document":"","footnotes":""},"categories":[1],"tags":[],"class_list":["post-36812","post","type-post","status-publish","format-standard","has-post-thumbnail","hentry","category-guncel"],"_links":{"self":[{"href":"https:\/\/www.egemtv.com\/index.php?rest_route=\/wp\/v2\/posts\/36812","targetHints":{"allow":["GET"]}}],"collection":[{"href":"https:\/\/www.egemtv.com\/index.php?rest_route=\/wp\/v2\/posts"}],"about":[{"href":"https:\/\/www.egemtv.com\/index.php?rest_route=\/wp\/v2\/types\/post"}],"author":[{"embeddable":true,"href":"https:\/\/www.egemtv.com\/index.php?rest_route=\/wp\/v2\/users\/1"}],"replies":[{"embeddable":true,"href":"https:\/\/www.egemtv.com\/index.php?rest_route=%2Fwp%2Fv2%2Fcomments&post=36812"}],"version-history":[{"count":1,"href":"https:\/\/www.egemtv.com\/index.php?rest_route=\/wp\/v2\/posts\/36812\/revisions"}],"predecessor-version":[{"id":36814,"href":"https:\/\/www.egemtv.com\/index.php?rest_route=\/wp\/v2\/posts\/36812\/revisions\/36814"}],"wp:featuredmedia":[{"embeddable":true,"href":"https:\/\/www.egemtv.com\/index.php?rest_route=\/wp\/v2\/media\/36813"}],"wp:attachment":[{"href":"https:\/\/www.egemtv.com\/index.php?rest_route=%2Fwp%2Fv2%2Fmedia&parent=36812"}],"wp:term":[{"taxonomy":"category","embeddable":true,"href":"https:\/\/www.egemtv.com\/index.php?rest_route=%2Fwp%2Fv2%2Fcategories&post=36812"},{"taxonomy":"post_tag","embeddable":true,"href":"https:\/\/www.egemtv.com\/index.php?rest_route=%2Fwp%2Fv2%2Ftags&post=36812"}],"curies":[{"name":"wp","href":"https:\/\/api.w.org\/{rel}","templated":true}]}}