{"id":36809,"date":"2025-06-21T15:15:40","date_gmt":"2025-06-21T12:15:40","guid":{"rendered":"https:\/\/www.egemtv.com\/?p=36809"},"modified":"2025-06-21T15:15:42","modified_gmt":"2025-06-21T12:15:42","slug":"marmaris-kultur-sanat-camiasini-uzen-kayip","status":"publish","type":"post","link":"https:\/\/www.egemtv.com\/?p=36809","title":{"rendered":"Marmaris k\u00fclt\u00fcr sanat camias\u0131n\u0131 \u00fczen kay\u0131p"},"content":{"rendered":"<p>Marmaris Filarmoni Derne\u011fi Ba\u015fkan\u0131, keman virt\u00fc\u00f6z\u00fc ve gazeteci Ahmet Alt\u0131n\u00f6z, d\u00fcn gece evinde ge\u00e7irdi\u011fi kalp krizi sonucu hayat\u0131n\u0131 kaybetti.<\/p>\n<p>Sanat ve gazetecilik alan\u0131nda il\u00e7eye uzun y\u0131llar emek veren 76 ya\u015f\u0131ndaki Alt\u0131n\u00f6z, d\u00fcn gece kalp krizi ge\u00e7irdi. Yap\u0131lan t\u00fcm m\u00fcdahalelere ra\u011fmen kurtar\u0131lamayan Alt\u0131n\u00f6z\u2019\u00fcn vefat\u0131, Marmaris\u2019te b\u00fcy\u00fck \u00fcz\u00fcnt\u00fcye sebep oldu. Marmaris\u2019te bir\u00e7ok k\u00fclt\u00fcr ve sanat festivalinde aktif rol \u00fcstlenen, konserler d\u00fczenleyen ve ayn\u0131 zamanda gazetecilik mesle\u011fini de s\u00fcrd\u00fcren Ahmet Alt\u0131n\u00f6z\u2019\u00fcn cenazesi, bug\u00fcn (21 Haziran 2025) ikindi namaz\u0131na m\u00fcteakip Armutalan Camii\u2019nde k\u0131l\u0131nacak cenaze namaz\u0131n\u0131n ard\u0131ndan Armutalan Mezarl\u0131\u011f\u0131\u2019nda topra\u011fa verilecek.<br \/><\/p>\n","protected":false},"excerpt":{"rendered":"<p>Marmaris Filarmoni Derne\u011fi Ba\u015fkan\u0131, keman virt\u00fc\u00f6z\u00fc ve gazeteci Ahmet Alt\u0131n\u00f6z, d\u00fcn gece evinde ge\u00e7irdi\u011fi kalp krizi sonucu hayat\u0131n\u0131 kaybetti. Sanat ve gazetecilik alan\u0131nda il\u00e7eye uzun y\u0131llar emek veren 76 ya\u015f\u0131ndaki Alt\u0131n\u00f6z, d\u00fcn gece kalp krizi ge\u00e7irdi. Yap\u0131lan t\u00fcm m\u00fcdahalelere ra\u011fmen kurtar\u0131lamayan Alt\u0131n\u00f6z\u2019\u00fcn vefat\u0131, Marmaris\u2019te b\u00fcy\u00fck \u00fcz\u00fcnt\u00fcye sebep oldu. Marmaris\u2019te bir\u00e7ok k\u00fclt\u00fcr ve sanat festivalinde aktif&#8230;<\/p>\n","protected":false},"author":1,"featured_media":36810,"comment_status":"open","ping_status":"open","sticky":false,"template":"","format":"standard","meta":{"_crdt_document":"","footnotes":""},"categories":[1],"tags":[],"class_list":["post-36809","post","type-post","status-publish","format-standard","has-post-thumbnail","hentry","category-guncel"],"_links":{"self":[{"href":"https:\/\/www.egemtv.com\/index.php?rest_route=\/wp\/v2\/posts\/36809","targetHints":{"allow":["GET"]}}],"collection":[{"href":"https:\/\/www.egemtv.com\/index.php?rest_route=\/wp\/v2\/posts"}],"about":[{"href":"https:\/\/www.egemtv.com\/index.php?rest_route=\/wp\/v2\/types\/post"}],"author":[{"embeddable":true,"href":"https:\/\/www.egemtv.com\/index.php?rest_route=\/wp\/v2\/users\/1"}],"replies":[{"embeddable":true,"href":"https:\/\/www.egemtv.com\/index.php?rest_route=%2Fwp%2Fv2%2Fcomments&post=36809"}],"version-history":[{"count":1,"href":"https:\/\/www.egemtv.com\/index.php?rest_route=\/wp\/v2\/posts\/36809\/revisions"}],"predecessor-version":[{"id":36811,"href":"https:\/\/www.egemtv.com\/index.php?rest_route=\/wp\/v2\/posts\/36809\/revisions\/36811"}],"wp:featuredmedia":[{"embeddable":true,"href":"https:\/\/www.egemtv.com\/index.php?rest_route=\/wp\/v2\/media\/36810"}],"wp:attachment":[{"href":"https:\/\/www.egemtv.com\/index.php?rest_route=%2Fwp%2Fv2%2Fmedia&parent=36809"}],"wp:term":[{"taxonomy":"category","embeddable":true,"href":"https:\/\/www.egemtv.com\/index.php?rest_route=%2Fwp%2Fv2%2Fcategories&post=36809"},{"taxonomy":"post_tag","embeddable":true,"href":"https:\/\/www.egemtv.com\/index.php?rest_route=%2Fwp%2Fv2%2Ftags&post=36809"}],"curies":[{"name":"wp","href":"https:\/\/api.w.org\/{rel}","templated":true}]}}