{"id":36782,"date":"2025-06-21T13:56:16","date_gmt":"2025-06-21T10:56:16","guid":{"rendered":"https:\/\/www.egemtv.com\/?p=36782"},"modified":"2025-06-21T13:56:20","modified_gmt":"2025-06-21T10:56:20","slug":"tavsanlida-afad-gonullulerine-orman-yangini-egitimi-verildi","status":"publish","type":"post","link":"https:\/\/www.egemtv.com\/?p=36782","title":{"rendered":"Tav\u015fanl\u0131\u2019da AFAD g\u00f6n\u00fcll\u00fclerine orman yang\u0131n\u0131 e\u011fitimi verildi"},"content":{"rendered":"<p>K\u00fctahya\u2019da Tav\u015fanl\u0131 Orman \u0130\u015fletme M\u00fcd\u00fcrl\u00fc\u011f\u00fc taraf\u0131ndan, Tav\u015fanl\u0131 AFAD g\u00f6n\u00fcll\u00fclerine y\u00f6nelik kapsaml\u0131 bir orman yang\u0131n\u0131 e\u011fitimi d\u00fczenlendi.<br \/>\n<br \/>AFAD G\u00f6n\u00fcll\u00fcs\u00fc Yasin Yavuz, e\u011fitim hakk\u0131nda, g\u00f6n\u00fcll\u00fclerin e\u011fitim s\u00fcresince yang\u0131nlar\u0131n \u00f6nlenmesi, m\u00fcdahale teknikleri ve g\u00fcvenlik konular\u0131nda \u00f6nemli bilgiler edindiklerini belirtti. Ayr\u0131ca, yang\u0131n s\u00f6nd\u00fcrme ekipmanlar\u0131n\u0131n do\u011fru kullan\u0131m\u0131 ve acil durum planlar\u0131n\u0131n olu\u015fturulmas\u0131 gibi konularda uygulamal\u0131 e\u011fitimler ald\u0131klar\u0131n\u0131 da s\u00f6zlerine ekledi. Bu e\u011fitimlerin, AFAD g\u00f6n\u00fcll\u00fclerinin afetlere kar\u015f\u0131 haz\u0131rl\u0131kl\u0131 olma kapasitelerini art\u0131rmada kritik bir rol oynad\u0131\u011f\u0131 vurguland\u0131.<br \/><\/p>\n","protected":false},"excerpt":{"rendered":"<p>K\u00fctahya\u2019da Tav\u015fanl\u0131 Orman \u0130\u015fletme M\u00fcd\u00fcrl\u00fc\u011f\u00fc taraf\u0131ndan, Tav\u015fanl\u0131 AFAD g\u00f6n\u00fcll\u00fclerine y\u00f6nelik kapsaml\u0131 bir orman yang\u0131n\u0131 e\u011fitimi d\u00fczenlendi. AFAD G\u00f6n\u00fcll\u00fcs\u00fc Yasin Yavuz, e\u011fitim hakk\u0131nda, g\u00f6n\u00fcll\u00fclerin e\u011fitim s\u00fcresince yang\u0131nlar\u0131n \u00f6nlenmesi, m\u00fcdahale teknikleri ve g\u00fcvenlik konular\u0131nda \u00f6nemli bilgiler edindiklerini belirtti. Ayr\u0131ca, yang\u0131n s\u00f6nd\u00fcrme ekipmanlar\u0131n\u0131n do\u011fru kullan\u0131m\u0131 ve acil durum planlar\u0131n\u0131n olu\u015fturulmas\u0131 gibi konularda uygulamal\u0131 e\u011fitimler ald\u0131klar\u0131n\u0131 da s\u00f6zlerine ekledi&#8230;.<\/p>\n","protected":false},"author":1,"featured_media":36783,"comment_status":"open","ping_status":"open","sticky":false,"template":"","format":"standard","meta":{"_crdt_document":"","footnotes":""},"categories":[1],"tags":[],"class_list":["post-36782","post","type-post","status-publish","format-standard","has-post-thumbnail","hentry","category-guncel"],"_links":{"self":[{"href":"https:\/\/www.egemtv.com\/index.php?rest_route=\/wp\/v2\/posts\/36782","targetHints":{"allow":["GET"]}}],"collection":[{"href":"https:\/\/www.egemtv.com\/index.php?rest_route=\/wp\/v2\/posts"}],"about":[{"href":"https:\/\/www.egemtv.com\/index.php?rest_route=\/wp\/v2\/types\/post"}],"author":[{"embeddable":true,"href":"https:\/\/www.egemtv.com\/index.php?rest_route=\/wp\/v2\/users\/1"}],"replies":[{"embeddable":true,"href":"https:\/\/www.egemtv.com\/index.php?rest_route=%2Fwp%2Fv2%2Fcomments&post=36782"}],"version-history":[{"count":1,"href":"https:\/\/www.egemtv.com\/index.php?rest_route=\/wp\/v2\/posts\/36782\/revisions"}],"predecessor-version":[{"id":36784,"href":"https:\/\/www.egemtv.com\/index.php?rest_route=\/wp\/v2\/posts\/36782\/revisions\/36784"}],"wp:featuredmedia":[{"embeddable":true,"href":"https:\/\/www.egemtv.com\/index.php?rest_route=\/wp\/v2\/media\/36783"}],"wp:attachment":[{"href":"https:\/\/www.egemtv.com\/index.php?rest_route=%2Fwp%2Fv2%2Fmedia&parent=36782"}],"wp:term":[{"taxonomy":"category","embeddable":true,"href":"https:\/\/www.egemtv.com\/index.php?rest_route=%2Fwp%2Fv2%2Fcategories&post=36782"},{"taxonomy":"post_tag","embeddable":true,"href":"https:\/\/www.egemtv.com\/index.php?rest_route=%2Fwp%2Fv2%2Ftags&post=36782"}],"curies":[{"name":"wp","href":"https:\/\/api.w.org\/{rel}","templated":true}]}}