{"id":36779,"date":"2025-06-21T13:56:12","date_gmt":"2025-06-21T10:56:12","guid":{"rendered":"https:\/\/www.egemtv.com\/?p=36779"},"modified":"2025-06-21T13:56:16","modified_gmt":"2025-06-21T10:56:16","slug":"kutahya-osbden-gelecege-cevre-mesaji","status":"publish","type":"post","link":"https:\/\/www.egemtv.com\/?p=36779","title":{"rendered":"K\u00fctahya OSB\u2019den gelece\u011fe \u00e7evre mesaj\u0131"},"content":{"rendered":"<p>K\u00fctahya Organize Sanayi B\u00f6lgesi, \u00e7evre bilincini art\u0131rmak ve toplumsal fark\u0131ndal\u0131k olu\u015fturmak amac\u0131yla bu y\u0131l 4\u2019\u00fcnc\u00fcs\u00fcn\u00fc d\u00fczenledi\u011fi \u2019Ya\u015fanabilir Gelecek \u0130\u00e7in At\u0131klar\u0131 Toplamaya Ne Dersin?\u2019 sloganl\u0131 \u00e7evre temizli\u011fi etkinli\u011fiyle bir kez daha \u00f6rnek oldu.<br \/>\n<br \/>Etkinlik, K\u00fctahya OSB M\u00fcd\u00fcrl\u00fc\u011f\u00fc \u00f6n\u00fcnde kat\u0131l\u0131mc\u0131lar\u0131n toplanmas\u0131yla ba\u015flad\u0131. Burada konu\u015fmalar\u0131n\u0131 ger\u00e7ekle\u015ftiren K\u00fctahya OSB B\u00f6lge M\u00fcd\u00fcr\u00fc Tunahan Ergin, &#8220;Sanayile\u015fme kadar \u00e7evre bilinci de bir o kadar \u00f6nemli. Bug\u00fcn burada bir araya gelerek sadece \u00e7evremizi temizlemiyor, ayn\u0131 zamanda gelece\u011fe de g\u00fc\u00e7l\u00fc bir mesaj veriyoruz. Kat\u0131l\u0131m g\u00f6steren herkese te\u015fekk\u00fcr ediyorum&#8221; ifadelerine yer verdi.<br \/>\n<br \/>Ard\u0131ndan, K\u00fctahya OSB ile Sinerk\u00f6y Mahallesi aras\u0131ndaki yolun iki yan\u0131ndaki \u00e7\u00f6pler \u00f6zenle topland\u0131 ve temizlik ara\u00e7lar\u0131na y\u00fcklendi. Temizlik \u00e7al\u0131\u015fmas\u0131n\u0131n ard\u0131ndan Sinerk\u00f6y Mahallesi\u2019nde toplu hat\u0131ra foto\u011fraf\u0131 \u00e7ekimi ger\u00e7ekle\u015ftirildi. Kat\u0131l\u0131mc\u0131lara, etkinli\u011fin sonunda K\u00fctahya OSB M\u00fcd\u00fcrl\u00fc\u011f\u00fc binas\u0131nda ikramlar sunuldu.<br \/>\n<br \/>K\u00fctahya OSB Y\u00f6netim Kurulu Ba\u015fkan\u0131 Tolga Eskio\u011flu ise, a\u00e7\u0131klamas\u0131nda, &#8220;Her y\u0131l artan bir ilgiyle s\u00fcrd\u00fcr\u00fclen bu temizlik etkinli\u011fi, yaln\u0131zca do\u011fay\u0131 korumak de\u011fil; ayn\u0131 zamanda \u00e7evreye duyarl\u0131 nesiller yeti\u015ftirmek ad\u0131na da \u00f6nemli bir ad\u0131md\u0131r. Duyarl\u0131l\u0131k g\u00f6stererek katk\u0131 sunan herkese te\u015fekk\u00fcr eder, s\u00fcrd\u00fcr\u00fclebilir bir gelecek i\u00e7in \u00e7al\u0131\u015fmalar\u0131m\u0131z\u0131n kararl\u0131l\u0131kla devam edece\u011fini belirtmek isterim&#8221; diye konu\u015ftu.<br \/><\/p>\n","protected":false},"excerpt":{"rendered":"<p>K\u00fctahya Organize Sanayi B\u00f6lgesi, \u00e7evre bilincini art\u0131rmak ve toplumsal fark\u0131ndal\u0131k olu\u015fturmak amac\u0131yla bu y\u0131l 4\u2019\u00fcnc\u00fcs\u00fcn\u00fc d\u00fczenledi\u011fi \u2019Ya\u015fanabilir Gelecek \u0130\u00e7in At\u0131klar\u0131 Toplamaya Ne Dersin?\u2019 sloganl\u0131 \u00e7evre temizli\u011fi etkinli\u011fiyle bir kez daha \u00f6rnek oldu. Etkinlik, K\u00fctahya OSB M\u00fcd\u00fcrl\u00fc\u011f\u00fc \u00f6n\u00fcnde kat\u0131l\u0131mc\u0131lar\u0131n toplanmas\u0131yla ba\u015flad\u0131. Burada konu\u015fmalar\u0131n\u0131 ger\u00e7ekle\u015ftiren K\u00fctahya OSB B\u00f6lge M\u00fcd\u00fcr\u00fc Tunahan Ergin, &#8220;Sanayile\u015fme kadar \u00e7evre bilinci de bir&#8230;<\/p>\n","protected":false},"author":1,"featured_media":36780,"comment_status":"open","ping_status":"open","sticky":false,"template":"","format":"standard","meta":{"_crdt_document":"","footnotes":""},"categories":[1],"tags":[],"class_list":["post-36779","post","type-post","status-publish","format-standard","has-post-thumbnail","hentry","category-guncel"],"_links":{"self":[{"href":"https:\/\/www.egemtv.com\/index.php?rest_route=\/wp\/v2\/posts\/36779","targetHints":{"allow":["GET"]}}],"collection":[{"href":"https:\/\/www.egemtv.com\/index.php?rest_route=\/wp\/v2\/posts"}],"about":[{"href":"https:\/\/www.egemtv.com\/index.php?rest_route=\/wp\/v2\/types\/post"}],"author":[{"embeddable":true,"href":"https:\/\/www.egemtv.com\/index.php?rest_route=\/wp\/v2\/users\/1"}],"replies":[{"embeddable":true,"href":"https:\/\/www.egemtv.com\/index.php?rest_route=%2Fwp%2Fv2%2Fcomments&post=36779"}],"version-history":[{"count":1,"href":"https:\/\/www.egemtv.com\/index.php?rest_route=\/wp\/v2\/posts\/36779\/revisions"}],"predecessor-version":[{"id":36781,"href":"https:\/\/www.egemtv.com\/index.php?rest_route=\/wp\/v2\/posts\/36779\/revisions\/36781"}],"wp:featuredmedia":[{"embeddable":true,"href":"https:\/\/www.egemtv.com\/index.php?rest_route=\/wp\/v2\/media\/36780"}],"wp:attachment":[{"href":"https:\/\/www.egemtv.com\/index.php?rest_route=%2Fwp%2Fv2%2Fmedia&parent=36779"}],"wp:term":[{"taxonomy":"category","embeddable":true,"href":"https:\/\/www.egemtv.com\/index.php?rest_route=%2Fwp%2Fv2%2Fcategories&post=36779"},{"taxonomy":"post_tag","embeddable":true,"href":"https:\/\/www.egemtv.com\/index.php?rest_route=%2Fwp%2Fv2%2Ftags&post=36779"}],"curies":[{"name":"wp","href":"https:\/\/api.w.org\/{rel}","templated":true}]}}