{"id":36776,"date":"2025-06-21T13:56:08","date_gmt":"2025-06-21T10:56:08","guid":{"rendered":"https:\/\/www.egemtv.com\/?p=36776"},"modified":"2025-06-21T13:56:11","modified_gmt":"2025-06-21T10:56:11","slug":"aydin-cam-fistigi-dunya-capinda-gucleniyor","status":"publish","type":"post","link":"https:\/\/www.egemtv.com\/?p=36776","title":{"rendered":"Ayd\u0131n \u00c7am F\u0131st\u0131\u011f\u0131 d\u00fcnya \u00e7ap\u0131nda g\u00fc\u00e7leniyor"},"content":{"rendered":"<p>\u00d6nemli tar\u0131m kentlerinden olan Ayd\u0131n\u2019\u0131n, tar\u0131msal \u00fcr\u00fcnleri her ge\u00e7en g\u00fcn d\u00fcnya \u00e7ap\u0131nda g\u00fc\u00e7lenirken, son olarak 2 Haziran\u2019da Avrupa Birli\u011fi\u2019nde tescillenen Ayd\u0131n \u00c7am F\u0131st\u0131\u011f\u0131 da uluslararas\u0131 tan\u0131n\u0131rl\u0131l\u0131\u011f\u0131n\u0131 art\u0131rd\u0131.<br \/>\n<br \/>Ayd\u0131n Ticaret Borsas\u0131 taraf\u0131ndan 24 A\u011fustos 2023 tarihinde Avrupa Birli\u011fi\u2019ne men\u015fe ad\u0131 korumas\u0131 kapsam\u0131nda ba\u015fvurusu yap\u0131lan Ayd\u0131n \u00c7am F\u0131st\u0131\u011f\u0131, ba\u015fvuru s\u00fcrecini ba\u015far\u0131yla tamamlayarak 2 Haziran 2025 tarihi itibariyle Resmi Gazete\u2019de yay\u0131mlanarak Avrupa Birli\u011fi\u2019nde tescil edilen 33. \u00fcr\u00fcn oldu. Bu \u00e7er\u00e7evede \u00fclke ekonomisine \u00f6nemli katk\u0131lar sa\u011flayan zeytin, incir gibi tar\u0131msal \u00fcr\u00fcnlerle birlikte Ayd\u0131n \u00c7am F\u0131st\u0131\u011f\u0131 da uluslararas\u0131 tan\u0131n\u0131rl\u0131l\u0131\u011f\u0131n\u0131 art\u0131rarak kalitesini tescilledi. \u0130l genelindeki hasat\u0131n tamamlanmas\u0131n\u0131n ard\u0131ndan kozalak i\u015fleme tesislerinde de yo\u011fun mesai d\u00f6nemi ba\u015flarken, Ayd\u0131n \u0130l Tar\u0131m ve Orman M\u00fcd\u00fcrl\u00fc\u011f\u00fc de iletmeleri gezerek hem denetim ger\u00e7ekle\u015ftirdi hem de i\u015fletme yetkililerden s\u00fcre\u00e7 ile ilgili bilgi ald\u0131. Ayd\u0131n \u00c7am F\u0131st\u0131\u011f\u0131\u2019n\u0131n tan\u0131n\u0131rl\u0131\u011f\u0131 art\u0131rmaya y\u00f6nelik yap\u0131lan \u00e7al\u0131\u015fmalar hakk\u0131nda da bilgi alan il m\u00fcd\u00fcrl\u00fc\u011f\u00fc ekipleri, kar\u015f\u0131l\u0131kl\u0131 g\u00f6r\u00fc\u015f al\u0131\u015fveri\u015finde bulundu.<br \/>\n<br \/>Konu ile ilgili Ayd\u0131n \u0130l Tar\u0131m ve Orman M\u00fcd\u00fcrl\u00fc\u011f\u00fc\u2019nden yap\u0131lan a\u00e7\u0131klamada &#8220;\u0130limiz, \u00fclkemizde \u00e7am f\u0131st\u0131\u011f\u0131 \u00fcretiminde \u00f6nc\u00fc konumunu bir ad\u0131m daha ileri ta\u015f\u0131yarak, Ayd\u0131n \u00c7am F\u0131st\u0131\u011f\u0131\u2019n\u0131 2 Haziran 2025 tarihi itibar\u0131yla Avrupa Birli\u011fi co\u011frafi i\u015faret tescil sistemi kapsam\u0131nda tescil ettirdi. Bu \u00f6nemli ba\u015far\u0131, yerli \u00fcr\u00fcn\u00fcm\u00fcz\u00fcn uluslararas\u0131 tan\u0131n\u0131rl\u0131\u011f\u0131n\u0131 art\u0131rarak, kalitesini t\u00fcm d\u00fcnyaya tescillemi\u015ftir. \u0130limizde \u00fcretilen \u00e7am f\u0131st\u0131\u011f\u0131, ba\u015fta Ko\u00e7arl\u0131 olmak \u00fczere Bozdo\u011fan, S\u00f6ke, Karpuzlu, \u00c7ine ve Yenipazar il\u00e7elerinde yo\u011funla\u015fmakta ve b\u00f6lgesel tar\u0131m ekonomisine b\u00fcy\u00fck katk\u0131 sa\u011flamaktad\u0131r. Bu kapsamda, \u0130l M\u00fcd\u00fcr\u00fcm\u00fcz \u0130brahim Alt\u0131nta\u015f, Ko\u00e7arl\u0131 il\u00e7emizdeki \u00e7am f\u0131st\u0131\u011f\u0131 i\u015fleme tesislerini ziyaret etti. Ziyaret s\u0131ras\u0131nda tesis sahibi Serkan Karatosun, tesisin faaliyetleri hakk\u0131nda bilgilendirmelerde bulundu ve kar\u015f\u0131l\u0131kl\u0131 g\u00f6r\u00fc\u015f al\u0131\u015fveri\u015finde bulunuldu&#8221; ifadeleri yer ald\u0131.<br \/><\/p>\n","protected":false},"excerpt":{"rendered":"<p>\u00d6nemli tar\u0131m kentlerinden olan Ayd\u0131n\u2019\u0131n, tar\u0131msal \u00fcr\u00fcnleri her ge\u00e7en g\u00fcn d\u00fcnya \u00e7ap\u0131nda g\u00fc\u00e7lenirken, son olarak 2 Haziran\u2019da Avrupa Birli\u011fi\u2019nde tescillenen Ayd\u0131n \u00c7am F\u0131st\u0131\u011f\u0131 da uluslararas\u0131 tan\u0131n\u0131rl\u0131l\u0131\u011f\u0131n\u0131 art\u0131rd\u0131. Ayd\u0131n Ticaret Borsas\u0131 taraf\u0131ndan 24 A\u011fustos 2023 tarihinde Avrupa Birli\u011fi\u2019ne men\u015fe ad\u0131 korumas\u0131 kapsam\u0131nda ba\u015fvurusu yap\u0131lan Ayd\u0131n \u00c7am F\u0131st\u0131\u011f\u0131, ba\u015fvuru s\u00fcrecini ba\u015far\u0131yla tamamlayarak 2 Haziran 2025 tarihi itibariyle&#8230;<\/p>\n","protected":false},"author":1,"featured_media":36777,"comment_status":"open","ping_status":"open","sticky":false,"template":"","format":"standard","meta":{"_crdt_document":"","footnotes":""},"categories":[125],"tags":[],"class_list":["post-36776","post","type-post","status-publish","format-standard","has-post-thumbnail","hentry","category-ekonomi"],"_links":{"self":[{"href":"https:\/\/www.egemtv.com\/index.php?rest_route=\/wp\/v2\/posts\/36776","targetHints":{"allow":["GET"]}}],"collection":[{"href":"https:\/\/www.egemtv.com\/index.php?rest_route=\/wp\/v2\/posts"}],"about":[{"href":"https:\/\/www.egemtv.com\/index.php?rest_route=\/wp\/v2\/types\/post"}],"author":[{"embeddable":true,"href":"https:\/\/www.egemtv.com\/index.php?rest_route=\/wp\/v2\/users\/1"}],"replies":[{"embeddable":true,"href":"https:\/\/www.egemtv.com\/index.php?rest_route=%2Fwp%2Fv2%2Fcomments&post=36776"}],"version-history":[{"count":1,"href":"https:\/\/www.egemtv.com\/index.php?rest_route=\/wp\/v2\/posts\/36776\/revisions"}],"predecessor-version":[{"id":36778,"href":"https:\/\/www.egemtv.com\/index.php?rest_route=\/wp\/v2\/posts\/36776\/revisions\/36778"}],"wp:featuredmedia":[{"embeddable":true,"href":"https:\/\/www.egemtv.com\/index.php?rest_route=\/wp\/v2\/media\/36777"}],"wp:attachment":[{"href":"https:\/\/www.egemtv.com\/index.php?rest_route=%2Fwp%2Fv2%2Fmedia&parent=36776"}],"wp:term":[{"taxonomy":"category","embeddable":true,"href":"https:\/\/www.egemtv.com\/index.php?rest_route=%2Fwp%2Fv2%2Fcategories&post=36776"},{"taxonomy":"post_tag","embeddable":true,"href":"https:\/\/www.egemtv.com\/index.php?rest_route=%2Fwp%2Fv2%2Ftags&post=36776"}],"curies":[{"name":"wp","href":"https:\/\/api.w.org\/{rel}","templated":true}]}}