{"id":36773,"date":"2025-06-21T13:37:47","date_gmt":"2025-06-21T10:37:47","guid":{"rendered":"https:\/\/www.egemtv.com\/?p=36773"},"modified":"2025-06-21T13:37:51","modified_gmt":"2025-06-21T10:37:51","slug":"nazillide-isitme-bilinci-ve-sagligi-paneli-duzenlendi","status":"publish","type":"post","link":"https:\/\/www.egemtv.com\/?p=36773","title":{"rendered":"Nazilli\u2019de \u2018\u0130\u015fitme Bilinci ve Sa\u011fl\u0131\u011f\u0131\u2019 paneli d\u00fczenlendi"},"content":{"rendered":"<p>T\u00fcrkiye\u2019nin sa\u011fl\u0131k alan\u0131nda k\u00f6kl\u00fc firmalar\u0131 aras\u0131nda yer alan Si-Ser i\u015fitme Cihazlar\u0131, Ayd\u0131n\u2019da T\u00fcrkiye Emekliler Derne\u011fi ile i\u015fbirli\u011fi yaparak fark\u0131ndal\u0131k olu\u015fturmak amac\u0131yla \u2018\u0130\u015fitme Bilinci ve Sa\u011fl\u0131\u011f\u0131\u2019 paneli d\u00fczenledi.<\/p>\n<p>Nazilli\u2019de T\u00fcrkiye Emekliler Derne\u011fi ile ortakla\u015fa d\u00fczenlenen panelde Kulak Burun Bo\u011faz Uzman\u0131 Opr. Dr. Tuna Kenar, Odyolog Dr. G\u00fcl Acur ve Bur\u00e7in Badak, kat\u0131l\u0131mc\u0131lara do\u011fru bilinen yanl\u0131\u015flar\u0131 anlatarak i\u015fitme sa\u011fl\u0131\u011f\u0131 hakk\u0131nda \u00f6nemli bilgiler aktard\u0131. T\u00fcrkiye Emekliler Derne\u011fi (T\u00dcED) Nazilli \u015eubesi, Si-Ser \u0130\u015fitme Cihazlar\u0131 ile \u00fcyelerinin sa\u011fl\u0131\u011f\u0131na y\u00f6nelik anlaml\u0131 bir etkinli\u011fe imza att\u0131. \u2018\u0130\u015fitme Bilinci ve sa\u011fl\u0131\u011f\u0131\u2019 temal\u0131 bir bilgilendirme paneli Nazilli Belediyesi Mehmet Y\u00fcz\u00fcg\u00fcler K\u00fclt\u00fcr Merkezi Tiyatro Salonu\u2019nda ger\u00e7ekle\u015ftirildi. Panele Nazilli Belediye Ba\u015fkan\u0131 Ertu\u011frul Tetik, T\u00fcrkiye Emekliler Derne\u011fi Nazilli \u015eube Ba\u015fkan\u0131 Orhan Oru\u00e7, Muharip Gaziler Derne\u011fi Nazilli \u015eube Ba\u015fkan\u0131 Hasan Karata\u015f, Si-Ser \u0130\u015fitme Cihazlar\u0131 Ayd\u0131n-Denizli B\u00f6lge M\u00fcd\u00fcr\u00fc Kerim Kang\u00f6z, Si-Ser B\u00f6lge Pazarlama Sorumlusu Do\u011fan Sar\u0131can, vatanda\u015flar ve davetliler kat\u0131ld\u0131.<\/p>\n<p>Do\u011fru bilinen yanl\u0131\u015flar\u0131 anlatt\u0131<br \/>\n<br \/>Yakla\u015f\u0131k 2 saat s\u00fcren panelde Kulak Burun Bo\u011faz Uzman\u0131 Opr. Dr. Tuna Kenar, i\u015fitme sa\u011fl\u0131\u011f\u0131 \u00fczerine \u00f6nemli bilgiler verdi. Sorular\u0131 da yan\u0131tlayan Kenar, do\u011fru bilinen yanl\u0131\u015flar\u0131n kulak sa\u011fl\u0131\u011f\u0131na b\u00fcy\u00fck zarar verdi\u011fini ifade ederek hekimler ve ilgililer d\u0131\u015f\u0131nda ba\u015fka yerde sa\u011fl\u0131k aranmamas\u0131 gerekti\u011fini belirtti. Odyolog Dr. G\u00fcl Acur ve Bur\u00e7in Badak, kat\u0131l\u0131mc\u0131lara i\u015fitme sa\u011fl\u0131\u011f\u0131 hakk\u0131nda teknolojik bilgiler vererek Si-Ser \u0130\u015fitme Cihazlar\u0131\u2019n\u0131n \u00e7al\u0131\u015fmalar\u0131n\u0131 aktard\u0131.<\/p>\n<p>&#8220;\u0130\u015fitme sa\u011fl\u0131\u011f\u0131na dikkat \u00e7ekmeye \u00e7al\u0131\u015ft\u0131k&#8221;<br \/>\n<br \/>T\u00dcED Nazilli \u015eube Ba\u015fkan\u0131 Orhan Oru\u00e7, panelin hedefine ula\u015ft\u0131\u011f\u0131n\u0131 ifade ederek, &#8220;\u00d6zellikle emeklilerimizde olmak \u00fczere herkeste mevcut olan i\u015fitme kayb\u0131 ile ilgili il\u00e7emizdeki 7 binden fazla \u00fcyemizi bilgilendirmeye \u00e7al\u0131\u015ft\u0131k. Panelin faydas\u0131n\u0131 g\u00f6rd\u00fck ve devam\u0131n\u0131 yapmak istiyoruz. Tedavi i\u00e7in \u00f6nce doktor sonra da Si-Ser gibi firmalara giderek kulak sa\u011fl\u0131\u011f\u0131m\u0131z\u0131 korumal\u0131y\u0131z. Bu programla \u00fcyelerimizin i\u015fitme konusundaki bilin\u00e7 d\u00fczeyini art\u0131rmay\u0131 hedefledik&#8221; dedi.<\/p>\n<p>&#8220;Kulak sa\u011fl\u0131\u011f\u0131m\u0131z i\u00e7in sadece uzman\u0131ndan destek alal\u0131m&#8221;<br \/>\n<br \/>Kulak Burun Bo\u011faz Uzman\u0131 Opr. Dr. Tuna Kenar, panel ile ilgili yapt\u0131\u011f\u0131 konu\u015fmada, &#8220;Nazilli\u2019de i\u015fitme sa\u011fl\u0131\u011f\u0131 ve gerekti\u011finde kullan\u0131lan i\u015fitme cihazlar\u0131 ile ilgili bilgilendirme seminerini T\u00fcrkiye Emekliler Derne\u011fi ve Si-Ser ile birlikte ger\u00e7ekle\u015ftirdik. Kulak sa\u011fl\u0131\u011f\u0131 i\u00e7in do\u011fru bilinen yanl\u0131\u015flar\u0131 anlatt\u0131k. Ya\u015fl\u0131l\u0131kla birlikte v\u00fccudumuzda olu\u015fan sorunlar\u0131 gidermek, ruhsal ve i\u015fitsel sa\u011fl\u0131\u011f\u0131m\u0131z\u0131 korumak amac\u0131yla cihaz deste\u011fi almak zorunday\u0131z. Nas\u0131l g\u00f6zlerimizdeki sorunlar i\u00e7in g\u00f6zl\u00fck kullan\u0131yorsak kulak sa\u011fl\u0131\u011f\u0131m\u0131z i\u00e7in de cihaz kullanmak zorunday\u0131z. Bunda utan\u0131lacak, s\u0131k\u0131l\u0131nacak bir durum olmamal\u0131d\u0131r. \u0130\u015fitme sa\u011fl\u0131\u011f\u0131m\u0131za dikkat edelim, kula\u011f\u0131m\u0131zla ilgili bir s\u0131k\u0131nt\u0131 olursa kendimiz de\u011fil, KBB uzman\u0131na giderek tedavimizi yapal\u0131m&#8221; ifadelerine yer verdi.<\/p>\n<p>&#8220;29 y\u0131ld\u0131r halk\u0131m\u0131z\u0131 bilin\u00e7lendiriyoruz&#8221;<br \/>\n<br \/>Odyolog Dr. G\u00fcl Acur da Si-Ser \u0130\u015fitme Cihazlar\u0131 ile ilgili bilgiler vererek i\u015fitme sa\u011fl\u0131\u011f\u0131 a\u00e7\u0131s\u0131ndan firman\u0131n desteklerini anlatt\u0131. Acur: &#8220;29 y\u0131l \u00f6nce kurulan Si-Ser \u0130\u015fitme Cihazlar\u0131 olarak toplumu bilin\u00e7lendirmek amac\u0131yla \u00e7al\u0131\u015fmalar\u0131n\u0131 s\u00fcrd\u00fcr\u00fcyor&#8221; dedi. Panelin sonunda Si-Ser \u0130\u015fitme Cihazlar\u0131 taraf\u0131ndan t\u00fcm kat\u0131l\u0131mc\u0131lara y\u00f6nelik \u00fccretsiz i\u015fitme testi hizmeti de sunuldu.<br \/><\/p>\n","protected":false},"excerpt":{"rendered":"<p>T\u00fcrkiye\u2019nin sa\u011fl\u0131k alan\u0131nda k\u00f6kl\u00fc firmalar\u0131 aras\u0131nda yer alan Si-Ser i\u015fitme Cihazlar\u0131, Ayd\u0131n\u2019da T\u00fcrkiye Emekliler Derne\u011fi ile i\u015fbirli\u011fi yaparak fark\u0131ndal\u0131k olu\u015fturmak amac\u0131yla \u2018\u0130\u015fitme Bilinci ve Sa\u011fl\u0131\u011f\u0131\u2019 paneli d\u00fczenledi. Nazilli\u2019de T\u00fcrkiye Emekliler Derne\u011fi ile ortakla\u015fa d\u00fczenlenen panelde Kulak Burun Bo\u011faz Uzman\u0131 Opr. Dr. Tuna Kenar, Odyolog Dr. G\u00fcl Acur ve Bur\u00e7in Badak, kat\u0131l\u0131mc\u0131lara do\u011fru bilinen yanl\u0131\u015flar\u0131 anlatarak&#8230;<\/p>\n","protected":false},"author":1,"featured_media":36774,"comment_status":"open","ping_status":"open","sticky":false,"template":"","format":"standard","meta":{"_crdt_document":"","footnotes":""},"categories":[2],"tags":[],"class_list":["post-36773","post","type-post","status-publish","format-standard","has-post-thumbnail","hentry","category-saglik"],"_links":{"self":[{"href":"https:\/\/www.egemtv.com\/index.php?rest_route=\/wp\/v2\/posts\/36773","targetHints":{"allow":["GET"]}}],"collection":[{"href":"https:\/\/www.egemtv.com\/index.php?rest_route=\/wp\/v2\/posts"}],"about":[{"href":"https:\/\/www.egemtv.com\/index.php?rest_route=\/wp\/v2\/types\/post"}],"author":[{"embeddable":true,"href":"https:\/\/www.egemtv.com\/index.php?rest_route=\/wp\/v2\/users\/1"}],"replies":[{"embeddable":true,"href":"https:\/\/www.egemtv.com\/index.php?rest_route=%2Fwp%2Fv2%2Fcomments&post=36773"}],"version-history":[{"count":1,"href":"https:\/\/www.egemtv.com\/index.php?rest_route=\/wp\/v2\/posts\/36773\/revisions"}],"predecessor-version":[{"id":36775,"href":"https:\/\/www.egemtv.com\/index.php?rest_route=\/wp\/v2\/posts\/36773\/revisions\/36775"}],"wp:featuredmedia":[{"embeddable":true,"href":"https:\/\/www.egemtv.com\/index.php?rest_route=\/wp\/v2\/media\/36774"}],"wp:attachment":[{"href":"https:\/\/www.egemtv.com\/index.php?rest_route=%2Fwp%2Fv2%2Fmedia&parent=36773"}],"wp:term":[{"taxonomy":"category","embeddable":true,"href":"https:\/\/www.egemtv.com\/index.php?rest_route=%2Fwp%2Fv2%2Fcategories&post=36773"},{"taxonomy":"post_tag","embeddable":true,"href":"https:\/\/www.egemtv.com\/index.php?rest_route=%2Fwp%2Fv2%2Ftags&post=36773"}],"curies":[{"name":"wp","href":"https:\/\/api.w.org\/{rel}","templated":true}]}}