{"id":36767,"date":"2025-06-21T13:37:38","date_gmt":"2025-06-21T10:37:38","guid":{"rendered":"https:\/\/www.egemtv.com\/?p=36767"},"modified":"2025-06-21T13:37:43","modified_gmt":"2025-06-21T10:37:43","slug":"takla-atan-arac-icerisinde-sikisan-surucu-itfaiye-ekipleri-tarafindan-cikarildi","status":"publish","type":"post","link":"https:\/\/www.egemtv.com\/?p=36767","title":{"rendered":"Takla atan ara\u00e7 i\u00e7erisinde s\u0131k\u0131\u015fan s\u00fcr\u00fcc\u00fc itfaiye ekipleri taraf\u0131ndan \u00e7\u0131kar\u0131ld\u0131"},"content":{"rendered":"<p>Burdur\u2019da s\u00fcr\u00fcc\u00fcs\u00fcn\u00fcn direksiyon hakimiyetini kaybetmesi sonucu takla atan ara\u00e7ta s\u0131k\u0131\u015fan s\u00fcr\u00fcc\u00fc, itfaiye ekipleri taraf\u0131ndan \u00e7\u0131kar\u0131larak ambulansla hastaneye kald\u0131r\u0131ld\u0131.<br \/>\n<br \/>Kaza, \u00f6\u011fle saatlerinde Antalya \u2013 Burdur Karayolu\u2019nun Bo\u011fazk\u00f6y mevkiinde meydana geldi. Edinilen bilgiye g\u00f6re, s\u00fcr\u00fcc\u00fcs\u00fcn\u00fcn direksiyon hakimiyetini kaybetti\u011fi 07 AAE plakal\u0131 hafif ticari ara\u00e7, ref\u00fcje \u00e7arparak takla att\u0131. Kazay\u0131 g\u00f6ren vatanda\u015flar\u0131n ihbar\u0131 \u00fczerine olay yerine jandarma, itfaiye ve sa\u011fl\u0131k ekipleri sevk edildi. \u0130tfaiye ekiplerinin \u00e7al\u0131\u015fmas\u0131yla ara\u00e7ta s\u0131k\u0131\u015fan s\u00fcr\u00fcc\u00fc bulundu\u011fu yerden \u00e7\u0131kar\u0131larak sa\u011fl\u0131k ekiplerine teslim edildi. \u0130lk m\u00fcdahalesi olay yerinde yap\u0131lan yaral\u0131 s\u00fcr\u00fcc\u00fc, ambulansla Bucak Devlet Hastanesi\u2019ne kald\u0131r\u0131ld\u0131. Kazayla ilgili inceleme ba\u015flat\u0131ld\u0131.<br \/><\/p>\n","protected":false},"excerpt":{"rendered":"<p>Burdur\u2019da s\u00fcr\u00fcc\u00fcs\u00fcn\u00fcn direksiyon hakimiyetini kaybetmesi sonucu takla atan ara\u00e7ta s\u0131k\u0131\u015fan s\u00fcr\u00fcc\u00fc, itfaiye ekipleri taraf\u0131ndan \u00e7\u0131kar\u0131larak ambulansla hastaneye kald\u0131r\u0131ld\u0131. Kaza, \u00f6\u011fle saatlerinde Antalya \u2013 Burdur Karayolu\u2019nun Bo\u011fazk\u00f6y mevkiinde meydana geldi. Edinilen bilgiye g\u00f6re, s\u00fcr\u00fcc\u00fcs\u00fcn\u00fcn direksiyon hakimiyetini kaybetti\u011fi 07 AAE plakal\u0131 hafif ticari ara\u00e7, ref\u00fcje \u00e7arparak takla att\u0131. Kazay\u0131 g\u00f6ren vatanda\u015flar\u0131n ihbar\u0131 \u00fczerine olay yerine jandarma, itfaiye&#8230;<\/p>\n","protected":false},"author":1,"featured_media":36768,"comment_status":"open","ping_status":"open","sticky":false,"template":"","format":"standard","meta":{"_crdt_document":"","footnotes":""},"categories":[5],"tags":[],"class_list":["post-36767","post","type-post","status-publish","format-standard","has-post-thumbnail","hentry","category-asayis"],"_links":{"self":[{"href":"https:\/\/www.egemtv.com\/index.php?rest_route=\/wp\/v2\/posts\/36767","targetHints":{"allow":["GET"]}}],"collection":[{"href":"https:\/\/www.egemtv.com\/index.php?rest_route=\/wp\/v2\/posts"}],"about":[{"href":"https:\/\/www.egemtv.com\/index.php?rest_route=\/wp\/v2\/types\/post"}],"author":[{"embeddable":true,"href":"https:\/\/www.egemtv.com\/index.php?rest_route=\/wp\/v2\/users\/1"}],"replies":[{"embeddable":true,"href":"https:\/\/www.egemtv.com\/index.php?rest_route=%2Fwp%2Fv2%2Fcomments&post=36767"}],"version-history":[{"count":1,"href":"https:\/\/www.egemtv.com\/index.php?rest_route=\/wp\/v2\/posts\/36767\/revisions"}],"predecessor-version":[{"id":36769,"href":"https:\/\/www.egemtv.com\/index.php?rest_route=\/wp\/v2\/posts\/36767\/revisions\/36769"}],"wp:featuredmedia":[{"embeddable":true,"href":"https:\/\/www.egemtv.com\/index.php?rest_route=\/wp\/v2\/media\/36768"}],"wp:attachment":[{"href":"https:\/\/www.egemtv.com\/index.php?rest_route=%2Fwp%2Fv2%2Fmedia&parent=36767"}],"wp:term":[{"taxonomy":"category","embeddable":true,"href":"https:\/\/www.egemtv.com\/index.php?rest_route=%2Fwp%2Fv2%2Fcategories&post=36767"},{"taxonomy":"post_tag","embeddable":true,"href":"https:\/\/www.egemtv.com\/index.php?rest_route=%2Fwp%2Fv2%2Ftags&post=36767"}],"curies":[{"name":"wp","href":"https:\/\/api.w.org\/{rel}","templated":true}]}}