{"id":36764,"date":"2025-06-21T13:16:32","date_gmt":"2025-06-21T10:16:32","guid":{"rendered":"https:\/\/www.egemtv.com\/?p=36764"},"modified":"2025-06-21T13:16:35","modified_gmt":"2025-06-21T10:16:35","slug":"saglik-muduru-ozturke-hayirli-olsun-ziyareti","status":"publish","type":"post","link":"https:\/\/www.egemtv.com\/?p=36764","title":{"rendered":"Sa\u011fl\u0131k M\u00fcd\u00fcr\u00fc \u00d6zt\u00fcrk\u2019e hay\u0131rl\u0131 olsun ziyareti"},"content":{"rendered":"<p>Afyonkarahisar \u0130l Jandarma Komutan\u0131 K\u0131demli Albay Tolga Ya\u011fan, k\u0131sa s\u00fcre \u00f6nce g\u00f6revine ba\u015flayan \u0130l Sa\u011fl\u0131k M\u00fcd\u00fcr\u00fc Dr. Hakk\u0131 \u00d6zt\u00fcrk\u2019e hay\u0131rl\u0131 olsun ziyaretinde bulundu.<br \/>\n<br \/>Ziyarette, sa\u011fl\u0131k hizmetlerinin il genelinde daha etkin ve verimli y\u00fcr\u00fct\u00fclmesine y\u00f6nelik de\u011ferlendirmelerde bulunulurken, kamu kurumlar\u0131 aras\u0131ndaki i\u015f birli\u011fi ve koordinasyonun \u00f6nemi vurguland\u0131. Ya\u011fan, yeni g\u00f6revinde ba\u015far\u0131lar diledi\u011fi Dr. \u00d6zt\u00fcrk\u2019e, y\u00fcr\u00fctt\u00fc\u011f\u00fc sa\u011fl\u0131k \u00e7al\u0131\u015fmalar\u0131nda her zaman destek olmaya haz\u0131r olduklar\u0131n\u0131 ifade etti.<br \/>\n<br \/>Dr. Hakk\u0131 \u00d6zt\u00fcrk ise nazik ziyareti dolay\u0131s\u0131yla \u0130l Jandarma Komutan\u0131 Tolga Ya\u011fan\u2019a te\u015fekk\u00fcr etti.<br \/><\/p>\n","protected":false},"excerpt":{"rendered":"<p>Afyonkarahisar \u0130l Jandarma Komutan\u0131 K\u0131demli Albay Tolga Ya\u011fan, k\u0131sa s\u00fcre \u00f6nce g\u00f6revine ba\u015flayan \u0130l Sa\u011fl\u0131k M\u00fcd\u00fcr\u00fc Dr. Hakk\u0131 \u00d6zt\u00fcrk\u2019e hay\u0131rl\u0131 olsun ziyaretinde bulundu. Ziyarette, sa\u011fl\u0131k hizmetlerinin il genelinde daha etkin ve verimli y\u00fcr\u00fct\u00fclmesine y\u00f6nelik de\u011ferlendirmelerde bulunulurken, kamu kurumlar\u0131 aras\u0131ndaki i\u015f birli\u011fi ve koordinasyonun \u00f6nemi vurguland\u0131. Ya\u011fan, yeni g\u00f6revinde ba\u015far\u0131lar diledi\u011fi Dr. \u00d6zt\u00fcrk\u2019e, y\u00fcr\u00fctt\u00fc\u011f\u00fc sa\u011fl\u0131k \u00e7al\u0131\u015fmalar\u0131nda&#8230;<\/p>\n","protected":false},"author":1,"featured_media":36765,"comment_status":"open","ping_status":"open","sticky":false,"template":"","format":"standard","meta":{"_crdt_document":"","footnotes":""},"categories":[2],"tags":[],"class_list":["post-36764","post","type-post","status-publish","format-standard","has-post-thumbnail","hentry","category-saglik"],"_links":{"self":[{"href":"https:\/\/www.egemtv.com\/index.php?rest_route=\/wp\/v2\/posts\/36764","targetHints":{"allow":["GET"]}}],"collection":[{"href":"https:\/\/www.egemtv.com\/index.php?rest_route=\/wp\/v2\/posts"}],"about":[{"href":"https:\/\/www.egemtv.com\/index.php?rest_route=\/wp\/v2\/types\/post"}],"author":[{"embeddable":true,"href":"https:\/\/www.egemtv.com\/index.php?rest_route=\/wp\/v2\/users\/1"}],"replies":[{"embeddable":true,"href":"https:\/\/www.egemtv.com\/index.php?rest_route=%2Fwp%2Fv2%2Fcomments&post=36764"}],"version-history":[{"count":1,"href":"https:\/\/www.egemtv.com\/index.php?rest_route=\/wp\/v2\/posts\/36764\/revisions"}],"predecessor-version":[{"id":36766,"href":"https:\/\/www.egemtv.com\/index.php?rest_route=\/wp\/v2\/posts\/36764\/revisions\/36766"}],"wp:featuredmedia":[{"embeddable":true,"href":"https:\/\/www.egemtv.com\/index.php?rest_route=\/wp\/v2\/media\/36765"}],"wp:attachment":[{"href":"https:\/\/www.egemtv.com\/index.php?rest_route=%2Fwp%2Fv2%2Fmedia&parent=36764"}],"wp:term":[{"taxonomy":"category","embeddable":true,"href":"https:\/\/www.egemtv.com\/index.php?rest_route=%2Fwp%2Fv2%2Fcategories&post=36764"},{"taxonomy":"post_tag","embeddable":true,"href":"https:\/\/www.egemtv.com\/index.php?rest_route=%2Fwp%2Fv2%2Ftags&post=36764"}],"curies":[{"name":"wp","href":"https:\/\/api.w.org\/{rel}","templated":true}]}}