{"id":36761,"date":"2025-06-21T13:16:28","date_gmt":"2025-06-21T10:16:28","guid":{"rendered":"https:\/\/www.egemtv.com\/?p=36761"},"modified":"2025-06-21T13:16:32","modified_gmt":"2025-06-21T10:16:32","slug":"meteorolojiden-bodrum-marmaris-arasi-denizde-firtina-uyarisi","status":"publish","type":"post","link":"https:\/\/www.egemtv.com\/?p=36761","title":{"rendered":"Meteorolojiden Bodrum-Marmaris aras\u0131 denizde f\u0131rt\u0131na uyar\u0131s\u0131"},"content":{"rendered":"<p>Meteoroloji 4. B\u00f6lge M\u00fcd\u00fcrl\u00fc\u011f\u00fc B\u00f6lge Tahmin ve Uyar\u0131 Merkezinden yap\u0131lan a\u00e7\u0131klamada, Mu\u011fla\u2019n\u0131n Bodrum ve Marmaris il\u00e7esi aras\u0131nda kalan denizlerde f\u0131rt\u0131na uyar\u0131s\u0131 yap\u0131ld\u0131.<br \/>\n<br \/>Yap\u0131lan uyar\u0131da, &#8220;Yap\u0131lan son de\u011ferlendirmelere g\u00f6re; denizlerimizde Bodrum-Marmaris aras\u0131nda r\u00fczgar\u0131n, yar\u0131n (Pazar) \u00f6\u011fle saatlerinden itibaren kuzey ve kuzeybat\u0131dan 6 ila 8 kuvvetinde (50-75 km\/saat) f\u0131rt\u0131na \u015feklinde esece\u011fi tahmin ediliyor. F\u0131rt\u0131nan\u0131n gece saatlerinde etkisini kaybetmesi beklenmektedir. Ba\u015fta bal\u0131k\u00e7\u0131lar\u0131m\u0131z ve denizcilerimiz olmak \u00fczere meydana gelmesi muhtemel olumsuzluklara kar\u015f\u0131 dikkatli ve tedbirli olunmal\u0131d\u0131r&#8221; denildi.<br \/><\/p>\n","protected":false},"excerpt":{"rendered":"<p>Meteoroloji 4. B\u00f6lge M\u00fcd\u00fcrl\u00fc\u011f\u00fc B\u00f6lge Tahmin ve Uyar\u0131 Merkezinden yap\u0131lan a\u00e7\u0131klamada, Mu\u011fla\u2019n\u0131n Bodrum ve Marmaris il\u00e7esi aras\u0131nda kalan denizlerde f\u0131rt\u0131na uyar\u0131s\u0131 yap\u0131ld\u0131. Yap\u0131lan uyar\u0131da, &#8220;Yap\u0131lan son de\u011ferlendirmelere g\u00f6re; denizlerimizde Bodrum-Marmaris aras\u0131nda r\u00fczgar\u0131n, yar\u0131n (Pazar) \u00f6\u011fle saatlerinden itibaren kuzey ve kuzeybat\u0131dan 6 ila 8 kuvvetinde (50-75 km\/saat) f\u0131rt\u0131na \u015feklinde esece\u011fi tahmin ediliyor. F\u0131rt\u0131nan\u0131n gece saatlerinde etkisini&#8230;<\/p>\n","protected":false},"author":1,"featured_media":36762,"comment_status":"open","ping_status":"open","sticky":false,"template":"","format":"standard","meta":{"_crdt_document":"","footnotes":""},"categories":[1],"tags":[],"class_list":["post-36761","post","type-post","status-publish","format-standard","has-post-thumbnail","hentry","category-guncel"],"_links":{"self":[{"href":"https:\/\/www.egemtv.com\/index.php?rest_route=\/wp\/v2\/posts\/36761","targetHints":{"allow":["GET"]}}],"collection":[{"href":"https:\/\/www.egemtv.com\/index.php?rest_route=\/wp\/v2\/posts"}],"about":[{"href":"https:\/\/www.egemtv.com\/index.php?rest_route=\/wp\/v2\/types\/post"}],"author":[{"embeddable":true,"href":"https:\/\/www.egemtv.com\/index.php?rest_route=\/wp\/v2\/users\/1"}],"replies":[{"embeddable":true,"href":"https:\/\/www.egemtv.com\/index.php?rest_route=%2Fwp%2Fv2%2Fcomments&post=36761"}],"version-history":[{"count":1,"href":"https:\/\/www.egemtv.com\/index.php?rest_route=\/wp\/v2\/posts\/36761\/revisions"}],"predecessor-version":[{"id":36763,"href":"https:\/\/www.egemtv.com\/index.php?rest_route=\/wp\/v2\/posts\/36761\/revisions\/36763"}],"wp:featuredmedia":[{"embeddable":true,"href":"https:\/\/www.egemtv.com\/index.php?rest_route=\/wp\/v2\/media\/36762"}],"wp:attachment":[{"href":"https:\/\/www.egemtv.com\/index.php?rest_route=%2Fwp%2Fv2%2Fmedia&parent=36761"}],"wp:term":[{"taxonomy":"category","embeddable":true,"href":"https:\/\/www.egemtv.com\/index.php?rest_route=%2Fwp%2Fv2%2Fcategories&post=36761"},{"taxonomy":"post_tag","embeddable":true,"href":"https:\/\/www.egemtv.com\/index.php?rest_route=%2Fwp%2Fv2%2Ftags&post=36761"}],"curies":[{"name":"wp","href":"https:\/\/api.w.org\/{rel}","templated":true}]}}