{"id":36758,"date":"2025-06-21T12:56:30","date_gmt":"2025-06-21T09:56:30","guid":{"rendered":"https:\/\/www.egemtv.com\/?p=36758"},"modified":"2025-06-21T12:56:35","modified_gmt":"2025-06-21T09:56:35","slug":"buyuksehirden-cocuklara-karne-surprizi","status":"publish","type":"post","link":"https:\/\/www.egemtv.com\/?p=36758","title":{"rendered":"B\u00fcy\u00fck\u015fehirden \u00e7ocuklara karne s\u00fcrprizi"},"content":{"rendered":"<p>Mu\u011fla B\u00fcy\u00fck\u015fehir Belediyesi, \u2018Hayat\u0131m\u0131n Ustas\u0131y\u0131m \u00c7ocuk At\u00f6lyesi\u2019 projesi kapsam\u0131nda \u00e7ocuklara karne hediyesi olarak ku\u015f yuvas\u0131 yap\u0131m\u0131 etkinli\u011fi d\u00fczenledi. Etkinlikte \u00e7ocuklar hem el becerilerini geli\u015ftirerek ku\u015f yuvas\u0131 yapt\u0131 hem de do\u011faya katk\u0131da bulunman\u0131n mutlulu\u011funu ya\u015fad\u0131.<br \/>\n<br \/>B\u00fcy\u00fck\u015fehir Belediyesi\u2019nin karne hediyesi olarak d\u00fczenledi\u011fi ku\u015f yuvas\u0131 etkinli\u011finde \u00e7ocuklar, ah\u015fap malzemeler kullanarak ku\u015flar i\u00e7in yuva tasarlad\u0131. Minikler yapt\u0131klar\u0131 ku\u015f yuvalar\u0131n\u0131 daha sonra istedikleri gibi boyay\u0131p s\u00fcsleyerek tamamlad\u0131.<br \/>\n<br \/>Merve Elif \u00d6ztokmak, &#8220;Benim ku\u015fum var Boncuk diye. Onun i\u00e7in kafes yapmak hem onun i\u00e7in hediye olmu\u015f oldu, hem benim i\u00e7inde bir karne hediyesi oldu&#8221; dedi.<br \/>\n<br \/>G\u00fcl Sude Karahan, &#8220;\u00c7ok mutluyum. B\u00f6yle bir ku\u015f yuvas\u0131 yapmak benim i\u00e7in heyecan verici. Ayr\u0131ca boyamaktan b\u00fcy\u00fck bir zevk al\u0131yorum. B\u00f6yle bir etkinli\u011fi yapmak arkada\u015flar\u0131mla daha g\u00fczel ve e\u011flenceli oldu. Karne hediyesi olarak bu etkinli\u011fi d\u00fczenledikleri i\u00e7in te\u015fekk\u00fcr ediyorum&#8221; dedi.<br \/>\n<br \/>Mu\u011fla B\u00fcy\u00fck\u015fehir Belediyesi Kad\u0131n ve Aile Hizmetleri Dairesi Ba\u015fkanl\u0131\u011f\u0131 b\u00fcnyesinde g\u00f6rev yapan Neslihan Kara\u00e7am, &#8220;Hayat\u0131m\u0131n \u0131s\u0131s\u0131y\u0131m \u00e7ocuk at\u00f6lyesi kaplam\u0131nda miniklere ku\u015f yuvas\u0131 etkinli\u011fi d\u00fczenledik. Miniklerimizin e\u011flenmesini ve \u00f6\u011frenmesini ama\u00e7l\u0131yoruz. \u00c7ocuklar\u0131m\u0131z bu etkinlikler sayesinde birlikte \u00e7al\u0131\u015fmay\u0131, dayan\u0131\u015fmay\u0131 ve ortak \u00fcretiminin de\u011ferini ke\u015ffediyoruz. Hayat\u0131m\u0131n ustas\u0131y\u0131m projesi kaplam\u0131nda fark\u0131ndal\u0131k olu\u015fturmaya ve benzer etkinlikler d\u00fczenlemeye devam edece\u011fiz&#8221; diye konu\u015ftu.<br \/>\n<br \/>K\u0131y\u0131 Ege Belediyeler Birli\u011fi ve Mu\u011fla B\u00fcy\u00fck\u015fehir Belediye Ba\u015fkan\u0131 Ahmet Aras, etkinli\u011fe ili\u015fkin yapt\u0131\u011f\u0131 a\u00e7\u0131klamada, \u00e7ocuklar\u0131 \u00fcretimle, do\u011fayla ve birlikte ba\u015farma duygusuyla bulu\u015fturman\u0131n en b\u00fcy\u00fck sorumluluklar\u0131 oldu\u011funu, ku\u015f yuvas\u0131 at\u00f6lyesi gibi yenilik\u00e7i ve anlaml\u0131 \u00e7al\u0131\u015fmalarla onlar\u0131n geli\u015fimine katk\u0131 sa\u011flarken, ayn\u0131 zamanda \u00e7evre bilinci de a\u015f\u0131lad\u0131klar\u0131n\u0131 a\u00e7\u0131klad\u0131.<br \/><\/p>\n","protected":false},"excerpt":{"rendered":"<p>Mu\u011fla B\u00fcy\u00fck\u015fehir Belediyesi, \u2018Hayat\u0131m\u0131n Ustas\u0131y\u0131m \u00c7ocuk At\u00f6lyesi\u2019 projesi kapsam\u0131nda \u00e7ocuklara karne hediyesi olarak ku\u015f yuvas\u0131 yap\u0131m\u0131 etkinli\u011fi d\u00fczenledi. Etkinlikte \u00e7ocuklar hem el becerilerini geli\u015ftirerek ku\u015f yuvas\u0131 yapt\u0131 hem de do\u011faya katk\u0131da bulunman\u0131n mutlulu\u011funu ya\u015fad\u0131. B\u00fcy\u00fck\u015fehir Belediyesi\u2019nin karne hediyesi olarak d\u00fczenledi\u011fi ku\u015f yuvas\u0131 etkinli\u011finde \u00e7ocuklar, ah\u015fap malzemeler kullanarak ku\u015flar i\u00e7in yuva tasarlad\u0131. Minikler yapt\u0131klar\u0131 ku\u015f yuvalar\u0131n\u0131&#8230;<\/p>\n","protected":false},"author":1,"featured_media":36759,"comment_status":"open","ping_status":"open","sticky":false,"template":"","format":"standard","meta":{"_crdt_document":"","footnotes":""},"categories":[123],"tags":[],"class_list":["post-36758","post","type-post","status-publish","format-standard","has-post-thumbnail","hentry","category-gundem"],"_links":{"self":[{"href":"https:\/\/www.egemtv.com\/index.php?rest_route=\/wp\/v2\/posts\/36758","targetHints":{"allow":["GET"]}}],"collection":[{"href":"https:\/\/www.egemtv.com\/index.php?rest_route=\/wp\/v2\/posts"}],"about":[{"href":"https:\/\/www.egemtv.com\/index.php?rest_route=\/wp\/v2\/types\/post"}],"author":[{"embeddable":true,"href":"https:\/\/www.egemtv.com\/index.php?rest_route=\/wp\/v2\/users\/1"}],"replies":[{"embeddable":true,"href":"https:\/\/www.egemtv.com\/index.php?rest_route=%2Fwp%2Fv2%2Fcomments&post=36758"}],"version-history":[{"count":1,"href":"https:\/\/www.egemtv.com\/index.php?rest_route=\/wp\/v2\/posts\/36758\/revisions"}],"predecessor-version":[{"id":36760,"href":"https:\/\/www.egemtv.com\/index.php?rest_route=\/wp\/v2\/posts\/36758\/revisions\/36760"}],"wp:featuredmedia":[{"embeddable":true,"href":"https:\/\/www.egemtv.com\/index.php?rest_route=\/wp\/v2\/media\/36759"}],"wp:attachment":[{"href":"https:\/\/www.egemtv.com\/index.php?rest_route=%2Fwp%2Fv2%2Fmedia&parent=36758"}],"wp:term":[{"taxonomy":"category","embeddable":true,"href":"https:\/\/www.egemtv.com\/index.php?rest_route=%2Fwp%2Fv2%2Fcategories&post=36758"},{"taxonomy":"post_tag","embeddable":true,"href":"https:\/\/www.egemtv.com\/index.php?rest_route=%2Fwp%2Fv2%2Ftags&post=36758"}],"curies":[{"name":"wp","href":"https:\/\/api.w.org\/{rel}","templated":true}]}}