{"id":36755,"date":"2025-06-21T12:56:24","date_gmt":"2025-06-21T09:56:24","guid":{"rendered":"https:\/\/www.egemtv.com\/?p=36755"},"modified":"2025-06-21T12:56:30","modified_gmt":"2025-06-21T09:56:30","slug":"aliaga-petkimsporda-yardimci-antrenorluge-mustafa-mavili-ve-arca-yildirim-getirildi","status":"publish","type":"post","link":"https:\/\/www.egemtv.com\/?p=36755","title":{"rendered":"Alia\u011fa Petkimspor\u2019da yard\u0131mc\u0131 antren\u00f6rl\u00fc\u011fe Mustafa Mavili ve Arca Y\u0131ld\u0131r\u0131m getirildi"},"content":{"rendered":"<p>Alia\u011fa Petkimspor\u2019da yard\u0131mc\u0131 antren\u00f6rl\u00fck g\u00f6revine Mustafa Mavili ile Arca Y\u0131ld\u0131r\u0131m getirildi.<br \/>\n<br \/>T\u00fcrkiye Sigorta Basketbol S\u00fcper Ligi\u2019nde m\u00fccadele eden \u0130zmir temsilcisi Alia\u011fa Petkimspor, Ba\u015fantren\u00f6r \u00d6zhan \u00c7\u0131vg\u0131n ile 2 y\u0131ll\u0131k s\u00f6zle\u015fme imzalam\u0131\u015ft\u0131. \u0130zmir ekibi, yard\u0131mc\u0131 antren\u00f6rl\u00fck g\u00f6revine de Mustafa Mavili ve Arca Y\u0131ld\u0131r\u0131m\u2019\u0131 getirildi\u011fi a\u00e7\u0131klad\u0131. Kul\u00fcb\u00fcn resmi sosyal medya hesab\u0131ndan konuya ili\u015fkin yap\u0131lan a\u00e7\u0131klamada, &#8220;2025\u20132026 sezonunda Ba\u015fantren\u00f6r\u00fcm\u00fcz \u00d6zhan \u00c7\u0131vg\u0131n\u2019\u0131n yard\u0131mc\u0131 antren\u00f6rl\u00fck g\u00f6revlerini \u00fcstlenecek olan Mustafa Mavili ve Arca Y\u0131ld\u0131r\u0131m, \u2019Birlikte Hedefe\u2019 yolculu\u011fumuz i\u00e7in aram\u0131za kat\u0131ld\u0131&#8221; denildi.<br \/><\/p>\n","protected":false},"excerpt":{"rendered":"<p>Alia\u011fa Petkimspor\u2019da yard\u0131mc\u0131 antren\u00f6rl\u00fck g\u00f6revine Mustafa Mavili ile Arca Y\u0131ld\u0131r\u0131m getirildi. T\u00fcrkiye Sigorta Basketbol S\u00fcper Ligi\u2019nde m\u00fccadele eden \u0130zmir temsilcisi Alia\u011fa Petkimspor, Ba\u015fantren\u00f6r \u00d6zhan \u00c7\u0131vg\u0131n ile 2 y\u0131ll\u0131k s\u00f6zle\u015fme imzalam\u0131\u015ft\u0131. \u0130zmir ekibi, yard\u0131mc\u0131 antren\u00f6rl\u00fck g\u00f6revine de Mustafa Mavili ve Arca Y\u0131ld\u0131r\u0131m\u2019\u0131 getirildi\u011fi a\u00e7\u0131klad\u0131. Kul\u00fcb\u00fcn resmi sosyal medya hesab\u0131ndan konuya ili\u015fkin yap\u0131lan a\u00e7\u0131klamada, &#8220;2025\u20132026 sezonunda Ba\u015fantren\u00f6r\u00fcm\u00fcz&#8230;<\/p>\n","protected":false},"author":1,"featured_media":36756,"comment_status":"open","ping_status":"open","sticky":false,"template":"","format":"standard","meta":{"_crdt_document":"","footnotes":""},"categories":[4],"tags":[],"class_list":["post-36755","post","type-post","status-publish","format-standard","has-post-thumbnail","hentry","category-spor"],"_links":{"self":[{"href":"https:\/\/www.egemtv.com\/index.php?rest_route=\/wp\/v2\/posts\/36755","targetHints":{"allow":["GET"]}}],"collection":[{"href":"https:\/\/www.egemtv.com\/index.php?rest_route=\/wp\/v2\/posts"}],"about":[{"href":"https:\/\/www.egemtv.com\/index.php?rest_route=\/wp\/v2\/types\/post"}],"author":[{"embeddable":true,"href":"https:\/\/www.egemtv.com\/index.php?rest_route=\/wp\/v2\/users\/1"}],"replies":[{"embeddable":true,"href":"https:\/\/www.egemtv.com\/index.php?rest_route=%2Fwp%2Fv2%2Fcomments&post=36755"}],"version-history":[{"count":1,"href":"https:\/\/www.egemtv.com\/index.php?rest_route=\/wp\/v2\/posts\/36755\/revisions"}],"predecessor-version":[{"id":36757,"href":"https:\/\/www.egemtv.com\/index.php?rest_route=\/wp\/v2\/posts\/36755\/revisions\/36757"}],"wp:featuredmedia":[{"embeddable":true,"href":"https:\/\/www.egemtv.com\/index.php?rest_route=\/wp\/v2\/media\/36756"}],"wp:attachment":[{"href":"https:\/\/www.egemtv.com\/index.php?rest_route=%2Fwp%2Fv2%2Fmedia&parent=36755"}],"wp:term":[{"taxonomy":"category","embeddable":true,"href":"https:\/\/www.egemtv.com\/index.php?rest_route=%2Fwp%2Fv2%2Fcategories&post=36755"},{"taxonomy":"post_tag","embeddable":true,"href":"https:\/\/www.egemtv.com\/index.php?rest_route=%2Fwp%2Fv2%2Ftags&post=36755"}],"curies":[{"name":"wp","href":"https:\/\/api.w.org\/{rel}","templated":true}]}}