{"id":36752,"date":"2025-06-21T12:56:20","date_gmt":"2025-06-21T09:56:20","guid":{"rendered":"https:\/\/www.egemtv.com\/?p=36752"},"modified":"2025-06-21T12:56:24","modified_gmt":"2025-06-21T09:56:24","slug":"ispartada-yks-heyecani-basladi-ogrenciler-sinavda-aileler-disarida-ter-doktu","status":"publish","type":"post","link":"https:\/\/www.egemtv.com\/?p=36752","title":{"rendered":"Isparta\u2019da YKS heyecan\u0131 ba\u015flad\u0131 \u00f6\u011frenciler s\u0131navda, aileler d\u0131\u015far\u0131da ter d\u00f6kt\u00fc"},"content":{"rendered":"<p>Isparta\u2019da YKS\u2019nin ilk oturumu Temel Yeterlilik Testi (TYT) i\u00e7in sabah saatlerinden itibaren s\u0131nav merkezlerine ak\u0131n eden \u00f6\u011frenciler ter d\u00f6kerken, aileleri ise okul \u00f6nlerinde heyecanla bekledi.<br \/>\n<br \/>Y\u00fcksek\u00f6\u011fretim Kurumlar\u0131 S\u0131nav\u0131\u2019n\u0131n (YKS) birinci oturumu olan Temel Yeterlilik Testi (TYT), bug\u00fcn T\u00fcrkiye genelinde oldu\u011fu gibi Isparta\u2019da da ger\u00e7ekle\u015ftirildi. Sabah saat 10.00\u2019dan itibaren s\u0131nav merkezlerine gelen adaylar, g\u00f6revliler taraf\u0131ndan kimlik ve belge kontrolleri sonras\u0131 salonlara al\u0131nd\u0131. Saat 10.15 itibar\u0131yla ba\u015flayan s\u0131navda adaylara 165 dakika s\u00fcre verildi. TYT\u2019de adaylara T\u00fcrk\u00e7e Testi\u2019nde 40, Sosyal Bilimler Testi\u2019nde 20, Temel Matematik Testi\u2019nde 40 ve Fen Bilimleri Testi\u2019nde 20 olmak \u00fczere toplam 120 soru y\u00f6neltildi. \u00d6\u011frenciler i\u00e7eride ter d\u00f6kerken, aileleri ise okul \u00f6nlerinde dua edip heyecanla \u00e7ocuklar\u0131n\u0131 bekledi. TYT\u2019ye bu y\u0131l T\u00fcrkiye genelinde 2 milyon 560 bin 649 aday\u0131n kat\u0131ld\u0131\u011f\u0131 bildirilirken, Isparta genelinde yakla\u015f\u0131k 5 bin 500 ki\u015finin kat\u0131ld\u0131\u011f\u0131 \u00f6\u011frenildi. S\u0131nav s\u00fcresince g\u00fcvenlik \u00f6nlemleri art\u0131r\u0131l\u0131rken, ge\u00e7 kalan \u00f6\u011frenciler i\u00e7in giri\u015fler saat 10.00\u2019da kapat\u0131ld\u0131. YKS\u2019nin ikinci oturumu olan Alan Yeterlilik Testi (AYT) ve \u00fc\u00e7\u00fcnc\u00fc oturumu olan Yabanc\u0131 Dil Testi (YDT) ise 30 Haziran Pazar g\u00fcn\u00fc yap\u0131lacak.<br \/><\/p>\n","protected":false},"excerpt":{"rendered":"<p>Isparta\u2019da YKS\u2019nin ilk oturumu Temel Yeterlilik Testi (TYT) i\u00e7in sabah saatlerinden itibaren s\u0131nav merkezlerine ak\u0131n eden \u00f6\u011frenciler ter d\u00f6kerken, aileleri ise okul \u00f6nlerinde heyecanla bekledi. Y\u00fcksek\u00f6\u011fretim Kurumlar\u0131 S\u0131nav\u0131\u2019n\u0131n (YKS) birinci oturumu olan Temel Yeterlilik Testi (TYT), bug\u00fcn T\u00fcrkiye genelinde oldu\u011fu gibi Isparta\u2019da da ger\u00e7ekle\u015ftirildi. Sabah saat 10.00\u2019dan itibaren s\u0131nav merkezlerine gelen adaylar, g\u00f6revliler taraf\u0131ndan kimlik&#8230;<\/p>\n","protected":false},"author":1,"featured_media":36753,"comment_status":"open","ping_status":"open","sticky":false,"template":"","format":"standard","meta":{"_crdt_document":"","footnotes":""},"categories":[1],"tags":[],"class_list":["post-36752","post","type-post","status-publish","format-standard","has-post-thumbnail","hentry","category-guncel"],"_links":{"self":[{"href":"https:\/\/www.egemtv.com\/index.php?rest_route=\/wp\/v2\/posts\/36752","targetHints":{"allow":["GET"]}}],"collection":[{"href":"https:\/\/www.egemtv.com\/index.php?rest_route=\/wp\/v2\/posts"}],"about":[{"href":"https:\/\/www.egemtv.com\/index.php?rest_route=\/wp\/v2\/types\/post"}],"author":[{"embeddable":true,"href":"https:\/\/www.egemtv.com\/index.php?rest_route=\/wp\/v2\/users\/1"}],"replies":[{"embeddable":true,"href":"https:\/\/www.egemtv.com\/index.php?rest_route=%2Fwp%2Fv2%2Fcomments&post=36752"}],"version-history":[{"count":1,"href":"https:\/\/www.egemtv.com\/index.php?rest_route=\/wp\/v2\/posts\/36752\/revisions"}],"predecessor-version":[{"id":36754,"href":"https:\/\/www.egemtv.com\/index.php?rest_route=\/wp\/v2\/posts\/36752\/revisions\/36754"}],"wp:featuredmedia":[{"embeddable":true,"href":"https:\/\/www.egemtv.com\/index.php?rest_route=\/wp\/v2\/media\/36753"}],"wp:attachment":[{"href":"https:\/\/www.egemtv.com\/index.php?rest_route=%2Fwp%2Fv2%2Fmedia&parent=36752"}],"wp:term":[{"taxonomy":"category","embeddable":true,"href":"https:\/\/www.egemtv.com\/index.php?rest_route=%2Fwp%2Fv2%2Fcategories&post=36752"},{"taxonomy":"post_tag","embeddable":true,"href":"https:\/\/www.egemtv.com\/index.php?rest_route=%2Fwp%2Fv2%2Ftags&post=36752"}],"curies":[{"name":"wp","href":"https:\/\/api.w.org\/{rel}","templated":true}]}}