{"id":36749,"date":"2025-06-21T12:35:56","date_gmt":"2025-06-21T09:35:56","guid":{"rendered":"https:\/\/www.egemtv.com\/?p=36749"},"modified":"2025-06-21T12:36:00","modified_gmt":"2025-06-21T09:36:00","slug":"tavsanlidan-buyuk-katilimli-birlik-piknigi","status":"publish","type":"post","link":"https:\/\/www.egemtv.com\/?p=36749","title":{"rendered":"Tav\u015fanl\u0131\u2019dan b\u00fcy\u00fck kat\u0131l\u0131ml\u0131 birlik pikni\u011fi"},"content":{"rendered":"<p>K\u00fctahya\u2019da T\u00fcrk E\u011fitim-Sen Tav\u015fanl\u0131 \u0130l\u00e7e Temsilcili\u011fi taraf\u0131ndan \u2019Birlik Beraberlik Pikni\u011fi\u2019 ger\u00e7ekle\u015ftirildi.<br \/>\n<br \/>Sendikan\u0131n 33\u2019\u00fcnc\u00fc kurulu\u015f y\u0131ld\u00f6n\u00fcm\u00fcn\u00fc kutlamak ve yo\u011fun ge\u00e7en e\u011fitim \u00f6\u011fretim y\u0131l\u0131n\u0131n yorgunlu\u011funu atmak amac\u0131yla geni\u015f kat\u0131l\u0131ml\u0131 bir \u2019Birlik Beraberlik Pikni\u011fi\u2019 d\u00fczenledi. Tav\u015fanl\u0131 Ada Mesire Alan\u0131\u2019nda ger\u00e7ekle\u015fen etkinlik, e\u011fitim camias\u0131n\u0131n \u00f6nemli isimlerini bir araya getirdi. Pikni\u011fe kat\u0131l\u0131m\u0131n y\u00fcksek olmas\u0131 dikkat \u00e7ekerken, davetliler aras\u0131nda \u0130l\u00e7e Milli E\u011fitim M\u00fcd\u00fcr\u00fc Ra\u015fit K\u00fc\u00e7\u00fckka\u011fn\u0131c\u0131, MHP \u0130l\u00e7e Ba\u015fkan\u0131 K\u00fcr\u015fat \u00d6zta\u015f, K\u00fctahya Kamu &#8211; Sen \u0130l Temsilcisi Mehmet Alt\u0131nok ve y\u00f6netimi, Tav\u015fanl\u0131 \u00dclk\u00fc Ocaklar\u0131 E\u011fitim ve K\u00fclt\u00fcr Vakf\u0131 Ba\u015fkan\u0131 Murat Akkaya ve \u0130l\u00e7e Milli E\u011fitim \u015eube M\u00fcd\u00fcr\u00fc Sedat Cumali Koca da yer ald\u0131.<br \/>\n<br \/>T\u00fcrk E\u011fitim-Sen \u0130l\u00e7e Temsilcisi \u015eerif \u00d6zbey, yapt\u0131\u011f\u0131 konu\u015fmada kat\u0131l\u0131mc\u0131lara te\u015fekk\u00fcr etti. \u00d6zbey, &#8220;Etkinli\u011fimize l\u00fctfedip kat\u0131lan ba\u015fta \u0130l\u00e7e Milli E\u011fitim M\u00fcd\u00fcr\u00fcm\u00fcz say\u0131n Refik K\u00fc\u00e7\u00fckka\u011fn\u0131c\u0131\u2019ya, MHP \u0130l\u00e7e Ba\u015fkan\u0131 K\u00fcr\u015fat \u00d6zta\u015f\u2019a, K\u00fctahya Kamu-Sen \u0130l Temsilcisi Mehmet Alt\u0131nok ve Y\u00f6netimine, Tav\u015fanl\u0131 \u00dclk\u00fc Ocaklar\u0131 E\u011fitim ve K\u00fclt\u00fcr Vakf\u0131 Ba\u015fkan\u0131 Murat Akkaya\u2019ya, \u015eube M\u00fcd\u00fcr\u00fc Sedat Koca\u2019ya, K\u0131ymetli Okul M\u00fcd\u00fcrlerimize ve varl\u0131klar\u0131yla bize g\u00fc\u00e7 veren \u00e7ok de\u011ferli \u00fcyelerimize ve ailelerine y\u00f6netimim ad\u0131na \u015f\u00fckranlar\u0131m\u0131 sunuyorum&#8221; dedi.<br \/>\n<br \/>Tav\u015fanl\u0131 Ada Mesireli\u011fi\u2019nin serinletici atmosferinde ger\u00e7ekle\u015fen piknikte, il\u00e7enin e\u011fitim payda\u015flar\u0131 bir araya gelerek birlik ve beraberlik mesajlar\u0131 verdi. Etkinli\u011fe g\u00f6sterilen yo\u011fun ilgi, e\u011fitim camias\u0131n\u0131n dayan\u0131\u015fmas\u0131n\u0131 g\u00f6zler \u00f6n\u00fcne serdi.<br \/><\/p>\n","protected":false},"excerpt":{"rendered":"<p>K\u00fctahya\u2019da T\u00fcrk E\u011fitim-Sen Tav\u015fanl\u0131 \u0130l\u00e7e Temsilcili\u011fi taraf\u0131ndan \u2019Birlik Beraberlik Pikni\u011fi\u2019 ger\u00e7ekle\u015ftirildi. Sendikan\u0131n 33\u2019\u00fcnc\u00fc kurulu\u015f y\u0131ld\u00f6n\u00fcm\u00fcn\u00fc kutlamak ve yo\u011fun ge\u00e7en e\u011fitim \u00f6\u011fretim y\u0131l\u0131n\u0131n yorgunlu\u011funu atmak amac\u0131yla geni\u015f kat\u0131l\u0131ml\u0131 bir \u2019Birlik Beraberlik Pikni\u011fi\u2019 d\u00fczenledi. Tav\u015fanl\u0131 Ada Mesire Alan\u0131\u2019nda ger\u00e7ekle\u015fen etkinlik, e\u011fitim camias\u0131n\u0131n \u00f6nemli isimlerini bir araya getirdi. Pikni\u011fe kat\u0131l\u0131m\u0131n y\u00fcksek olmas\u0131 dikkat \u00e7ekerken, davetliler aras\u0131nda \u0130l\u00e7e Milli&#8230;<\/p>\n","protected":false},"author":1,"featured_media":36750,"comment_status":"open","ping_status":"open","sticky":false,"template":"","format":"standard","meta":{"_crdt_document":"","footnotes":""},"categories":[1],"tags":[],"class_list":["post-36749","post","type-post","status-publish","format-standard","has-post-thumbnail","hentry","category-guncel"],"_links":{"self":[{"href":"https:\/\/www.egemtv.com\/index.php?rest_route=\/wp\/v2\/posts\/36749","targetHints":{"allow":["GET"]}}],"collection":[{"href":"https:\/\/www.egemtv.com\/index.php?rest_route=\/wp\/v2\/posts"}],"about":[{"href":"https:\/\/www.egemtv.com\/index.php?rest_route=\/wp\/v2\/types\/post"}],"author":[{"embeddable":true,"href":"https:\/\/www.egemtv.com\/index.php?rest_route=\/wp\/v2\/users\/1"}],"replies":[{"embeddable":true,"href":"https:\/\/www.egemtv.com\/index.php?rest_route=%2Fwp%2Fv2%2Fcomments&post=36749"}],"version-history":[{"count":1,"href":"https:\/\/www.egemtv.com\/index.php?rest_route=\/wp\/v2\/posts\/36749\/revisions"}],"predecessor-version":[{"id":36751,"href":"https:\/\/www.egemtv.com\/index.php?rest_route=\/wp\/v2\/posts\/36749\/revisions\/36751"}],"wp:featuredmedia":[{"embeddable":true,"href":"https:\/\/www.egemtv.com\/index.php?rest_route=\/wp\/v2\/media\/36750"}],"wp:attachment":[{"href":"https:\/\/www.egemtv.com\/index.php?rest_route=%2Fwp%2Fv2%2Fmedia&parent=36749"}],"wp:term":[{"taxonomy":"category","embeddable":true,"href":"https:\/\/www.egemtv.com\/index.php?rest_route=%2Fwp%2Fv2%2Fcategories&post=36749"},{"taxonomy":"post_tag","embeddable":true,"href":"https:\/\/www.egemtv.com\/index.php?rest_route=%2Fwp%2Fv2%2Ftags&post=36749"}],"curies":[{"name":"wp","href":"https:\/\/api.w.org\/{rel}","templated":true}]}}