{"id":36746,"date":"2025-06-21T12:35:51","date_gmt":"2025-06-21T09:35:51","guid":{"rendered":"https:\/\/www.egemtv.com\/?p=36746"},"modified":"2025-06-21T12:35:56","modified_gmt":"2025-06-21T09:35:56","slug":"bulent-kucuk-kutahya-son-yillarda-cok-onemli-spor-organizasyonlarina-imza-atti","status":"publish","type":"post","link":"https:\/\/www.egemtv.com\/?p=36746","title":{"rendered":"B\u00fclent K\u00fc\u00e7\u00fck: &#8220;K\u00fctahya son y\u0131llarda \u00e7ok \u00f6nemli spor organizasyonlar\u0131na imza att\u0131&#8221;"},"content":{"rendered":"<p>K\u00fctahya Gen\u00e7lik ve Spor \u0130l M\u00fcd\u00fcr\u00fc B\u00fclent K\u00fc\u00e7\u00fck, &#8220;K\u00fctahya, son y\u0131llarda \u00e7ok \u00f6nemli spor organizasyonlar\u0131na imza att\u0131 ve buna devam edecektir&#8221; dedi.<br \/>\n<br \/>\u0130l M\u00fcd\u00fcr\u00fc B\u00fclent K\u00fc\u00e7\u00fck, kentteki spor yat\u0131r\u0131mlar\u0131 ve gen\u00e7lik projeleri hakk\u0131nda \u00f6nemli a\u00e7\u0131klamalarda bulundu. \u0130hlas Haber Ajans\u0131 (\u0130HA) K\u00fctahya B\u00fcrosu\u2019nu ziyaret eden K\u00fc\u00e7\u00fck, \u00f6zellikle futbol tesislerine yap\u0131lan yat\u0131r\u0131mlara dikkat \u00e7ekerek, sporun tabana yay\u0131lmas\u0131 konusunda kararl\u0131 ad\u0131mlar att\u0131klar\u0131n\u0131 vurgulad\u0131. K\u00fctahya\u2019da futbolun b\u00fcy\u00fck bir ilgiyle takip edildi\u011fini belirten \u0130l M\u00fcd\u00fcr\u00fc K\u00fc\u00e7\u00fck, bu ilgiye kar\u015f\u0131l\u0131k verebilmek i\u00e7in \u00e7e\u015fitli projeleri hayata ge\u00e7irdiklerini ifade etti.<br \/>\n<br \/>Sporun her kesime ula\u015fmas\u0131 amac\u0131yla yat\u0131r\u0131mlar\u0131n s\u00fcrd\u00fc\u011f\u00fcn\u00fc belirten K\u00fc\u00e7\u00fck, &#8220;K\u00fctahya\u2019da spor ve gen\u00e7lik hizmetleri tamamen \u00fccretsiz sunuluyor. Gen\u00e7lerimiz \u015fehir d\u0131\u015f\u0131ndaki kamplardan yurt hizmetlerine kadar devletin sundu\u011fu imkanlardan yararlan\u0131yor&#8221; diye konu\u015ftu.<br \/>\n<br \/>K\u00fctahya genelinde toplam 11 yurtta hizmet verdiklerini dile getiren K\u00fc\u00e7\u00fck, kapasite konusunda herhangi bir s\u0131k\u0131nt\u0131 ya\u015fanmad\u0131\u011f\u0131n\u0131 belirterek, &#8220;Her t\u00fcrl\u00fc imkan\u0131 devletimiz sa\u011fl\u0131yor. Yurtlar\u0131m\u0131zda kalan \u00e7ocuklar\u0131m\u0131z\u0131n t\u00fcm ihtiya\u00e7lar\u0131 eksiksiz bir \u015fekilde kar\u015f\u0131lan\u0131yor&#8221; ifadelerini kulland\u0131.<br \/>\n<br \/>K\u00fc\u00e7\u00fck, K\u00fctahya\u2019da sporun ve gen\u00e7li\u011fin gelece\u011fine yap\u0131lan yat\u0131r\u0131mlar\u0131n artarak devam edece\u011fini de s\u00f6zlerine ekledi.<br \/><\/p>\n","protected":false},"excerpt":{"rendered":"<p>K\u00fctahya Gen\u00e7lik ve Spor \u0130l M\u00fcd\u00fcr\u00fc B\u00fclent K\u00fc\u00e7\u00fck, &#8220;K\u00fctahya, son y\u0131llarda \u00e7ok \u00f6nemli spor organizasyonlar\u0131na imza att\u0131 ve buna devam edecektir&#8221; dedi. \u0130l M\u00fcd\u00fcr\u00fc B\u00fclent K\u00fc\u00e7\u00fck, kentteki spor yat\u0131r\u0131mlar\u0131 ve gen\u00e7lik projeleri hakk\u0131nda \u00f6nemli a\u00e7\u0131klamalarda bulundu. \u0130hlas Haber Ajans\u0131 (\u0130HA) K\u00fctahya B\u00fcrosu\u2019nu ziyaret eden K\u00fc\u00e7\u00fck, \u00f6zellikle futbol tesislerine yap\u0131lan yat\u0131r\u0131mlara dikkat \u00e7ekerek, sporun tabana yay\u0131lmas\u0131&#8230;<\/p>\n","protected":false},"author":1,"featured_media":36747,"comment_status":"open","ping_status":"open","sticky":false,"template":"","format":"standard","meta":{"_crdt_document":"","footnotes":""},"categories":[123],"tags":[],"class_list":["post-36746","post","type-post","status-publish","format-standard","has-post-thumbnail","hentry","category-gundem"],"_links":{"self":[{"href":"https:\/\/www.egemtv.com\/index.php?rest_route=\/wp\/v2\/posts\/36746","targetHints":{"allow":["GET"]}}],"collection":[{"href":"https:\/\/www.egemtv.com\/index.php?rest_route=\/wp\/v2\/posts"}],"about":[{"href":"https:\/\/www.egemtv.com\/index.php?rest_route=\/wp\/v2\/types\/post"}],"author":[{"embeddable":true,"href":"https:\/\/www.egemtv.com\/index.php?rest_route=\/wp\/v2\/users\/1"}],"replies":[{"embeddable":true,"href":"https:\/\/www.egemtv.com\/index.php?rest_route=%2Fwp%2Fv2%2Fcomments&post=36746"}],"version-history":[{"count":1,"href":"https:\/\/www.egemtv.com\/index.php?rest_route=\/wp\/v2\/posts\/36746\/revisions"}],"predecessor-version":[{"id":36748,"href":"https:\/\/www.egemtv.com\/index.php?rest_route=\/wp\/v2\/posts\/36746\/revisions\/36748"}],"wp:featuredmedia":[{"embeddable":true,"href":"https:\/\/www.egemtv.com\/index.php?rest_route=\/wp\/v2\/media\/36747"}],"wp:attachment":[{"href":"https:\/\/www.egemtv.com\/index.php?rest_route=%2Fwp%2Fv2%2Fmedia&parent=36746"}],"wp:term":[{"taxonomy":"category","embeddable":true,"href":"https:\/\/www.egemtv.com\/index.php?rest_route=%2Fwp%2Fv2%2Fcategories&post=36746"},{"taxonomy":"post_tag","embeddable":true,"href":"https:\/\/www.egemtv.com\/index.php?rest_route=%2Fwp%2Fv2%2Ftags&post=36746"}],"curies":[{"name":"wp","href":"https:\/\/api.w.org\/{rel}","templated":true}]}}